{"id":10772,"date":"2025-03-14T11:16:26","date_gmt":"2025-03-14T14:16:26","guid":{"rendered":"https:\/\/mundoonibus.com.br\/site\/?p=10772"},"modified":"2025-03-18T13:36:04","modified_gmt":"2025-03-18T16:36:04","slug":"valorizando-o-criador-de-conteudo","status":"publish","type":"post","link":"https:\/\/mundoonibus.com.br\/site\/valorizando-o-criador-de-conteudo\/","title":{"rendered":"Valorizando o criador de conte\u00fado"},"content":{"rendered":"\n<p>Recentemente passei por uma situa\u00e7\u00e3o muito chata. Um seguidor do Mundo \u00d4nibus no Instagram &#8211; bastante participativo, por sinal &#8211; resolveu criar uma p\u00e1gina sobre \u00f4nibus tamb\u00e9m. Tudo certo nisso, n\u00e3o \u00e9 mesmo? \u00c9 muito v\u00e1lido, inclusive, pois como o indiv\u00edduo utiliza o transporte coletivo de Blumenau com muita frequ\u00eancia, poderia trazer materiais interessantes tendo uma profundidade nos seus conte\u00fados.<\/p>\n\n\n\n<h4 class=\"wp-block-heading\">A situa\u00e7\u00e3o foi diferente<\/h4>\n\n\n\n<p>Inicialmente, o nome escolhido para a p\u00e1gina foi &#8216;BluMob Bus&#8217;. Utilizando o nome da <a href=\"https:\/\/mundoonibus.com.br\/site\/portfolio\/blumob\/\" target=\"_blank\" rel=\"noreferrer noopener\">BluMob<\/a> sem a devida autoriza\u00e7\u00e3o, a p\u00e1gina teve seu nome alterado para &#8216;Mundo Bus&#8217;. O indiv\u00edduo decidiu por adotar um nome semelhante ao nosso. Apesar de desagrad\u00e1vel, nenhum problema nisso.<\/p>\n\n\n\n<p>Em poucas horas &#8211; ou minutos, talvez &#8211; a p\u00e1gina recebeu uma dezena de novas postagens e <em>stories<\/em>. Como n\u00e3o acompanho muito o Instagram, acabei tomando conhecimento atrav\u00e9s de um <em>print<\/em> via WhatsApp. De todas as imagens postadas, apenas uma delas n\u00e3o era de minha autoria. Acessei para conferir as postagens e percebi que al\u00e9m de n\u00e3o solicitarem minha autoriza\u00e7\u00e3o para utiliza\u00e7\u00e3o do material, n\u00e3o mencionavam o nome do autor ou a fonte de pesquisa na legenda. Entrei em contato e solicitei que fosse providenciada a altera\u00e7\u00e3o nas legendas das imagens, mencionando os devidos cr\u00e9ditos. Pensei em pedir a remo\u00e7\u00e3o do material, mas tento ser o mais tranquilo poss\u00edvel com a utiliza\u00e7\u00e3o de conte\u00fados criados por mim. Ap\u00f3s a promessa de que os cr\u00e9ditos seriam adicionados, considerei a situa\u00e7\u00e3o como resolvida.<\/p>\n\n\n\n<p>Alguns dias depois, diversas novas imagens surgem na p\u00e1gina. Novamente, todas as publica\u00e7\u00f5es s\u00e3o de minha autoria salvas atrav\u00e9s do site e publicadas no Instagram sem mencionar os cr\u00e9ditos. E o pior, removendo os cr\u00e9ditos adicionados na imagem antes da publica\u00e7\u00e3o. Dessa vez fiquei bastante incomodado. Eram imagens recentes e que ainda n\u00e3o haviam &#8216;entrado&#8217; em nossa pr\u00f3pria p\u00e1gina pois estavam agendadas para os dias subsequentes! Como as minhas demandas n\u00e3o haviam sido cumpridas, solicitei a remo\u00e7\u00e3o imediata de todo o material. N\u00e3o teve conversa! Fui bloqueado, mas fiquei sabendo que a p\u00e1gina foi descontinuada.<\/p>\n\n\n\n<p>Confesso que fiquei irritado n\u00e3o s\u00f3 pelo fato de n\u00e3o serem mencionados os cr\u00e9ditos, mas pelo propriet\u00e1rio da p\u00e1gina n\u00e3o entender os motivos do meu descontentamento. Tentei explicar desde a primeira vez, mas mesmo assim ele n\u00e3o entendeu. Ou n\u00e3o quis entender.<\/p>\n\n\n\n<p>Vou tentar detalhar os motivos pelos quais \u00e9 t\u00e3o importante valorizar o criador de qualquer material autoral.<\/p>\n\n\n\n<figure class=\"wp-block-gallery has-nested-images columns-default is-cropped wp-block-gallery-1 is-layout-flex wp-block-gallery-is-layout-flex\">\n<figure class=\"wp-block-image size-large\"><a href=\"https:\/\/mundoonibus.com.br\/site\/wp-content\/uploads\/2024\/08\/BluMob-9135.jpg\" data-lbwps-width=\"1600\" data-lbwps-height=\"1199\" data-lbwps-srcsmall=\"https:\/\/mundoonibus.com.br\/site\/wp-content\/uploads\/2024\/08\/BluMob-9135-300x225.jpg\"><img loading=\"lazy\" decoding=\"async\" width=\"1024\" height=\"767\" data-id=\"10461\" src=\"https:\/\/mundoonibus.com.br\/site\/wp-content\/uploads\/2024\/08\/BluMob-9135-1024x767.jpg\" alt=\"\" class=\"wp-image-10461\" srcset=\"https:\/\/mundoonibus.com.br\/site\/wp-content\/uploads\/2024\/08\/BluMob-9135-1024x767.jpg 1024w, https:\/\/mundoonibus.com.br\/site\/wp-content\/uploads\/2024\/08\/BluMob-9135-300x225.jpg 300w, https:\/\/mundoonibus.com.br\/site\/wp-content\/uploads\/2024\/08\/BluMob-9135-768x576.jpg 768w, https:\/\/mundoonibus.com.br\/site\/wp-content\/uploads\/2024\/08\/BluMob-9135-1536x1151.jpg 1536w, https:\/\/mundoonibus.com.br\/site\/wp-content\/uploads\/2024\/08\/BluMob-9135.jpg 1600w\" sizes=\"auto, (max-width: 1024px) 100vw, 1024px\" \/><\/a><figcaption class=\"wp-element-caption\">Uma das v\u00e1rias idas \u00e0 Blumenau atr\u00e1s do 9135<\/figcaption><\/figure>\n\n\n\n<figure class=\"wp-block-image size-large\"><a href=\"https:\/\/mundoonibus.com.br\/site\/wp-content\/uploads\/2024\/07\/Transtusa-1001.jpg\" data-lbwps-width=\"1600\" data-lbwps-height=\"1200\" data-lbwps-srcsmall=\"https:\/\/mundoonibus.com.br\/site\/wp-content\/uploads\/2024\/07\/Transtusa-1001-300x225.jpg\"><img loading=\"lazy\" decoding=\"async\" width=\"1024\" height=\"768\" data-id=\"9647\" src=\"https:\/\/mundoonibus.com.br\/site\/wp-content\/uploads\/2024\/07\/Transtusa-1001-1024x768.jpg\" alt=\"\" class=\"wp-image-9647\" srcset=\"https:\/\/mundoonibus.com.br\/site\/wp-content\/uploads\/2024\/07\/Transtusa-1001-1024x768.jpg 1024w, https:\/\/mundoonibus.com.br\/site\/wp-content\/uploads\/2024\/07\/Transtusa-1001-300x225.jpg 300w, https:\/\/mundoonibus.com.br\/site\/wp-content\/uploads\/2024\/07\/Transtusa-1001-768x576.jpg 768w, https:\/\/mundoonibus.com.br\/site\/wp-content\/uploads\/2024\/07\/Transtusa-1001-1536x1152.jpg 1536w, https:\/\/mundoonibus.com.br\/site\/wp-content\/uploads\/2024\/07\/Transtusa-1001-720x540.jpg 720w, https:\/\/mundoonibus.com.br\/site\/wp-content\/uploads\/2024\/07\/Transtusa-1001.jpg 1600w\" sizes=\"auto, (max-width: 1024px) 100vw, 1024px\" \/><\/a><figcaption class=\"wp-element-caption\">Capta\u00e7\u00e3o de imagens em pleno calor de fevereiro<\/figcaption><\/figure>\n\n\n\n<figure class=\"wp-block-image size-large\"><a href=\"https:\/\/mundoonibus.com.br\/site\/wp-content\/uploads\/2025\/03\/Presidente-666.jpg\" data-lbwps-width=\"1600\" data-lbwps-height=\"1200\" data-lbwps-srcsmall=\"https:\/\/mundoonibus.com.br\/site\/wp-content\/uploads\/2025\/03\/Presidente-666-300x225.jpg\"><img loading=\"lazy\" decoding=\"async\" width=\"1024\" height=\"768\" data-id=\"11914\" src=\"https:\/\/mundoonibus.com.br\/site\/wp-content\/uploads\/2025\/03\/Presidente-666-1024x768.jpg\" alt=\"\" class=\"wp-image-11914\" srcset=\"https:\/\/mundoonibus.com.br\/site\/wp-content\/uploads\/2025\/03\/Presidente-666-1024x768.jpg 1024w, https:\/\/mundoonibus.com.br\/site\/wp-content\/uploads\/2025\/03\/Presidente-666-300x225.jpg 300w, https:\/\/mundoonibus.com.br\/site\/wp-content\/uploads\/2025\/03\/Presidente-666-768x576.jpg 768w, https:\/\/mundoonibus.com.br\/site\/wp-content\/uploads\/2025\/03\/Presidente-666-1536x1152.jpg 1536w, https:\/\/mundoonibus.com.br\/site\/wp-content\/uploads\/2025\/03\/Presidente-666.jpg 1600w\" sizes=\"auto, (max-width: 1024px) 100vw, 1024px\" \/><\/a><figcaption class=\"wp-element-caption\">Sob intensa chuva em busca do carro 666<\/figcaption><\/figure>\n<\/figure>\n\n\n\n<h4 class=\"wp-block-heading\">O lado do autor<\/h4>\n\n\n\n<p>No Mundo \u00d4nibus tamb\u00e9m s\u00e3o publicados materiais de outras fontes. Neste sentido, solicitamos a autoriza\u00e7\u00e3o por parte do criador do material e mencionamos os devidos cr\u00e9ditos. O criador de conte\u00fado \u00e9 a figura respons\u00e1vel pela pesquisa e coleta de informa\u00e7\u00f5es, reda\u00e7\u00e3o dos textos e capta\u00e7\u00e3o das imagens. Eventualmente \u00e9 remunerado pelo seu empregador &#8211; nos casos onde o conte\u00fado \u00e9 extra\u00eddo de algum portal de not\u00edcias &#8211; o que n\u00e3o diminui sua import\u00e2ncia. Os materiais mais espec\u00edficos s\u00e3o criados por autores que n\u00e3o recebem nada em troca. Muito pelo contr\u00e1rio, existem diversos fatores envolvidos que fazem com que este material deva ser ainda mais respeitado.<\/p>\n\n\n\n<p>Utilizando como refer\u00eancia algumas viagens exclusivas \u00e0 Blumenau, Joinville, Florian\u00f3polis, Chapec\u00f3 e Curitiba, \u00e9 poss\u00edvel entender os <strong>custos financeiros<\/strong> relacionados \u00e0 estas pesquisas de campo. Nestes custos, precisamos considerar combust\u00edvel, alimenta\u00e7\u00e3o, ped\u00e1gio, estacionamento e at\u00e9 hotel, em alguns casos. Em paralelo aos custos financeiros, existe o <strong>tempo<\/strong>. Para alguns, este pode ser um tema sem muita import\u00e2ncia, enquanto para aqueles que possuem uma profiss\u00e3o em tempo integral, vale considerar que o tempo de descanso \u00e9 reduzido em detrimento da busca de material. Dependendo da \u00e9poca do ano, o <strong>clima<\/strong> pode ser mais um complicador. Ao sair para gerar conte\u00fado alguns itens s\u00e3o essenciais como toalha, protetor solar, repelente e pe\u00e7as de roupa sobressalentes. Voc\u00ea nunca sabe exatamente o que esperar &#8216;da rua&#8217;. Quem faz fotos vai entender o que estou dizendo. Falando em rua, n\u00e3o \u00e9 incomum ser tratado com <strong>antipatia<\/strong>, ter de &#8216;se explicar&#8217; em rela\u00e7\u00e3o \u00e0s fotos, pedir autoriza\u00e7\u00e3o e ser mal recebido em alguns lugares.<\/p>\n\n\n\n<p>Gerando e disponibilizando os materiais captados, buscamos fortalecer nossa presen\u00e7a online e, assim, conseguir mais leitores. O mesmo serve para nossas redes sociais, onde focamos em trazer conte\u00fados interessantes para atrair o p\u00fablico. Sendo assim, \u00e9 injusto que algu\u00e9m se aproprie indevidamente dos materiais da forma que mencionamos anteriormente, desconsiderando todos os esfor\u00e7os que fazemos em busca dos mesmos.<\/p>\n","protected":false},"excerpt":{"rendered":"<p>Recentemente passei por uma situa\u00e7\u00e3o muito chata. Um seguidor do Mundo \u00d4nibus no Instagram &#8211; bastante participativo, por sinal &#8211; resolveu criar uma p\u00e1gina sobre \u00f4nibus tamb\u00e9m. Tudo certo nisso, n\u00e3o \u00e9 mesmo? \u00c9 muito v\u00e1lido, inclusive, pois como o indiv\u00edduo utiliza o transporte coletivo de Blumenau com muita frequ\u00eancia, poderia trazer materiais interessantes tendo&#8230;<\/p>\n","protected":false},"author":1,"featured_media":11914,"comment_status":"open","ping_status":"open","sticky":false,"template":"","format":"standard","meta":{"_kad_post_transparent":"","_kad_post_title":"","_kad_post_layout":"","_kad_post_sidebar_id":"","_kad_post_content_style":"","_kad_post_vertical_padding":"","_kad_post_feature":"","_kad_post_feature_position":"","_kad_post_header":false,"_kad_post_footer":false,"_kad_post_classname":"","footnotes":""},"categories":[1],"tags":[],"class_list":["post-10772","post","type-post","status-publish","format-standard","has-post-thumbnail","hentry","category-geral"],"yoast_head":"<!-- This site is optimized with the Yoast SEO plugin v27.4 - https:\/\/yoast.com\/product\/yoast-seo-wordpress\/ -->\n<title>Valorizando o criador de conte\u00fado - Mundo \u00d4nibus<\/title>\n<meta name=\"robots\" content=\"index, follow, max-snippet:-1, max-image-preview:large, max-video-preview:-1\" \/>\n<link rel=\"canonical\" href=\"https:\/\/mundoonibus.com.br\/site\/valorizando-o-criador-de-conteudo\/\" \/>\n<meta property=\"og:locale\" content=\"pt_BR\" \/>\n<meta property=\"og:type\" content=\"article\" \/>\n<meta property=\"og:title\" content=\"Valorizando o criador de conte\u00fado - Mundo \u00d4nibus\" \/>\n<meta property=\"og:description\" content=\"Recentemente passei por uma situa\u00e7\u00e3o muito chata. Um seguidor do Mundo \u00d4nibus no Instagram &#8211; bastante participativo, por sinal &#8211; resolveu criar uma p\u00e1gina sobre \u00f4nibus tamb\u00e9m. Tudo certo nisso, n\u00e3o \u00e9 mesmo? \u00c9 muito v\u00e1lido, inclusive, pois como o indiv\u00edduo utiliza o transporte coletivo de Blumenau com muita frequ\u00eancia, poderia trazer materiais interessantes tendo...\" \/>\n<meta property=\"og:url\" content=\"https:\/\/mundoonibus.com.br\/site\/valorizando-o-criador-de-conteudo\/\" \/>\n<meta property=\"og:site_name\" content=\"Mundo \u00d4nibus\" \/>\n<meta property=\"article:published_time\" content=\"2025-03-14T14:16:26+00:00\" \/>\n<meta property=\"article:modified_time\" content=\"2025-03-18T16:36:04+00:00\" \/>\n<meta property=\"og:image\" content=\"https:\/\/mundoonibus.com.br\/site\/wp-content\/uploads\/2025\/03\/Presidente-666.jpg\" \/>\n\t<meta property=\"og:image:width\" content=\"1600\" \/>\n\t<meta property=\"og:image:height\" content=\"1200\" \/>\n\t<meta property=\"og:image:type\" content=\"image\/jpeg\" \/>\n<meta name=\"author\" content=\"lucaamorim\" \/>\n<meta name=\"twitter:card\" content=\"summary_large_image\" \/>\n<meta name=\"twitter:label1\" content=\"Escrito por\" \/>\n\t<meta name=\"twitter:data1\" content=\"lucaamorim\" \/>\n\t<meta name=\"twitter:label2\" content=\"Est. tempo de leitura\" \/>\n\t<meta name=\"twitter:data2\" content=\"5 minutos\" \/>\n<script type=\"application\/ld+json\" class=\"yoast-schema-graph\">{\"@context\":\"https:\\\/\\\/schema.org\",\"@graph\":[{\"@type\":\"Article\",\"@id\":\"https:\\\/\\\/mundoonibus.com.br\\\/site\\\/valorizando-o-criador-de-conteudo\\\/#article\",\"isPartOf\":{\"@id\":\"https:\\\/\\\/mundoonibus.com.br\\\/site\\\/valorizando-o-criador-de-conteudo\\\/\"},\"author\":{\"name\":\"lucaamorim\",\"@id\":\"https:\\\/\\\/mundoonibus.com.br\\\/site\\\/#\\\/schema\\\/person\\\/9086a60d90ce61ac66d9357a12f8d7ae\"},\"headline\":\"Valorizando o criador de conte\u00fado\",\"datePublished\":\"2025-03-14T14:16:26+00:00\",\"dateModified\":\"2025-03-18T16:36:04+00:00\",\"mainEntityOfPage\":{\"@id\":\"https:\\\/\\\/mundoonibus.com.br\\\/site\\\/valorizando-o-criador-de-conteudo\\\/\"},\"wordCount\":830,\"commentCount\":0,\"publisher\":{\"@id\":\"https:\\\/\\\/mundoonibus.com.br\\\/site\\\/#organization\"},\"image\":{\"@id\":\"https:\\\/\\\/mundoonibus.com.br\\\/site\\\/valorizando-o-criador-de-conteudo\\\/#primaryimage\"},\"thumbnailUrl\":\"https:\\\/\\\/mundoonibus.com.br\\\/site\\\/wp-content\\\/uploads\\\/2025\\\/03\\\/Presidente-666.jpg\",\"articleSection\":[\"Geral\"],\"inLanguage\":\"pt-BR\",\"potentialAction\":[{\"@type\":\"CommentAction\",\"name\":\"Comment\",\"target\":[\"https:\\\/\\\/mundoonibus.com.br\\\/site\\\/valorizando-o-criador-de-conteudo\\\/#respond\"]}]},{\"@type\":\"WebPage\",\"@id\":\"https:\\\/\\\/mundoonibus.com.br\\\/site\\\/valorizando-o-criador-de-conteudo\\\/\",\"url\":\"https:\\\/\\\/mundoonibus.com.br\\\/site\\\/valorizando-o-criador-de-conteudo\\\/\",\"name\":\"Valorizando o criador de conte\u00fado - Mundo \u00d4nibus\",\"isPartOf\":{\"@id\":\"https:\\\/\\\/mundoonibus.com.br\\\/site\\\/#website\"},\"primaryImageOfPage\":{\"@id\":\"https:\\\/\\\/mundoonibus.com.br\\\/site\\\/valorizando-o-criador-de-conteudo\\\/#primaryimage\"},\"image\":{\"@id\":\"https:\\\/\\\/mundoonibus.com.br\\\/site\\\/valorizando-o-criador-de-conteudo\\\/#primaryimage\"},\"thumbnailUrl\":\"https:\\\/\\\/mundoonibus.com.br\\\/site\\\/wp-content\\\/uploads\\\/2025\\\/03\\\/Presidente-666.jpg\",\"datePublished\":\"2025-03-14T14:16:26+00:00\",\"dateModified\":\"2025-03-18T16:36:04+00:00\",\"breadcrumb\":{\"@id\":\"https:\\\/\\\/mundoonibus.com.br\\\/site\\\/valorizando-o-criador-de-conteudo\\\/#breadcrumb\"},\"inLanguage\":\"pt-BR\",\"potentialAction\":[{\"@type\":\"ReadAction\",\"target\":[\"https:\\\/\\\/mundoonibus.com.br\\\/site\\\/valorizando-o-criador-de-conteudo\\\/\"]}]},{\"@type\":\"ImageObject\",\"inLanguage\":\"pt-BR\",\"@id\":\"https:\\\/\\\/mundoonibus.com.br\\\/site\\\/valorizando-o-criador-de-conteudo\\\/#primaryimage\",\"url\":\"https:\\\/\\\/mundoonibus.com.br\\\/site\\\/wp-content\\\/uploads\\\/2025\\\/03\\\/Presidente-666.jpg\",\"contentUrl\":\"https:\\\/\\\/mundoonibus.com.br\\\/site\\\/wp-content\\\/uploads\\\/2025\\\/03\\\/Presidente-666.jpg\",\"width\":1600,\"height\":1200,\"caption\":\"Sob intensa chuva em busca do carro 666\"},{\"@type\":\"BreadcrumbList\",\"@id\":\"https:\\\/\\\/mundoonibus.com.br\\\/site\\\/valorizando-o-criador-de-conteudo\\\/#breadcrumb\",\"itemListElement\":[{\"@type\":\"ListItem\",\"position\":1,\"name\":\"In\u00edcio\",\"item\":\"https:\\\/\\\/mundoonibus.com.br\\\/site\\\/\"},{\"@type\":\"ListItem\",\"position\":2,\"name\":\"Valorizando o criador de conte\u00fado\"}]},{\"@type\":\"WebSite\",\"@id\":\"https:\\\/\\\/mundoonibus.com.br\\\/site\\\/#website\",\"url\":\"https:\\\/\\\/mundoonibus.com.br\\\/site\\\/\",\"name\":\"Mundo \u00d4nibus\",\"description\":\"Bem-vindo a Bordo!\",\"publisher\":{\"@id\":\"https:\\\/\\\/mundoonibus.com.br\\\/site\\\/#organization\"},\"potentialAction\":[{\"@type\":\"SearchAction\",\"target\":{\"@type\":\"EntryPoint\",\"urlTemplate\":\"https:\\\/\\\/mundoonibus.com.br\\\/site\\\/?s={search_term_string}\"},\"query-input\":{\"@type\":\"PropertyValueSpecification\",\"valueRequired\":true,\"valueName\":\"search_term_string\"}}],\"inLanguage\":\"pt-BR\"},{\"@type\":\"Organization\",\"@id\":\"https:\\\/\\\/mundoonibus.com.br\\\/site\\\/#organization\",\"name\":\"Mundo \u00d4nibus\",\"url\":\"https:\\\/\\\/mundoonibus.com.br\\\/site\\\/\",\"logo\":{\"@type\":\"ImageObject\",\"inLanguage\":\"pt-BR\",\"@id\":\"https:\\\/\\\/mundoonibus.com.br\\\/site\\\/#\\\/schema\\\/logo\\\/image\\\/\",\"url\":\"https:\\\/\\\/mundoonibus.com.br\\\/site\\\/wp-content\\\/uploads\\\/2021\\\/10\\\/Logo-H.png\",\"contentUrl\":\"https:\\\/\\\/mundoonibus.com.br\\\/site\\\/wp-content\\\/uploads\\\/2021\\\/10\\\/Logo-H.png\",\"width\":740,\"height\":139,\"caption\":\"Mundo \u00d4nibus\"},\"image\":{\"@id\":\"https:\\\/\\\/mundoonibus.com.br\\\/site\\\/#\\\/schema\\\/logo\\\/image\\\/\"}},{\"@type\":\"Person\",\"@id\":\"https:\\\/\\\/mundoonibus.com.br\\\/site\\\/#\\\/schema\\\/person\\\/9086a60d90ce61ac66d9357a12f8d7ae\",\"name\":\"lucaamorim\",\"sameAs\":[\"instagram.com\\\/lucaamorim\"],\"url\":\"https:\\\/\\\/mundoonibus.com.br\\\/site\\\/author\\\/lpamorim\\\/\"}]}<\/script>\n<!-- \/ Yoast SEO plugin. -->","yoast_head_json":{"title":"Valorizando o criador de conte\u00fado - Mundo \u00d4nibus","robots":{"index":"index","follow":"follow","max-snippet":"max-snippet:-1","max-image-preview":"max-image-preview:large","max-video-preview":"max-video-preview:-1"},"canonical":"https:\/\/mundoonibus.com.br\/site\/valorizando-o-criador-de-conteudo\/","og_locale":"pt_BR","og_type":"article","og_title":"Valorizando o criador de conte\u00fado - Mundo \u00d4nibus","og_description":"Recentemente passei por uma situa\u00e7\u00e3o muito chata. Um seguidor do Mundo \u00d4nibus no Instagram &#8211; bastante participativo, por sinal &#8211; resolveu criar uma p\u00e1gina sobre \u00f4nibus tamb\u00e9m. Tudo certo nisso, n\u00e3o \u00e9 mesmo? \u00c9 muito v\u00e1lido, inclusive, pois como o indiv\u00edduo utiliza o transporte coletivo de Blumenau com muita frequ\u00eancia, poderia trazer materiais interessantes tendo...","og_url":"https:\/\/mundoonibus.com.br\/site\/valorizando-o-criador-de-conteudo\/","og_site_name":"Mundo \u00d4nibus","article_published_time":"2025-03-14T14:16:26+00:00","article_modified_time":"2025-03-18T16:36:04+00:00","og_image":[{"width":1600,"height":1200,"url":"https:\/\/mundoonibus.com.br\/site\/wp-content\/uploads\/2025\/03\/Presidente-666.jpg","type":"image\/jpeg"}],"author":"lucaamorim","twitter_card":"summary_large_image","twitter_misc":{"Escrito por":"lucaamorim","Est. tempo de leitura":"5 minutos"},"schema":{"@context":"https:\/\/schema.org","@graph":[{"@type":"Article","@id":"https:\/\/mundoonibus.com.br\/site\/valorizando-o-criador-de-conteudo\/#article","isPartOf":{"@id":"https:\/\/mundoonibus.com.br\/site\/valorizando-o-criador-de-conteudo\/"},"author":{"name":"lucaamorim","@id":"https:\/\/mundoonibus.com.br\/site\/#\/schema\/person\/9086a60d90ce61ac66d9357a12f8d7ae"},"headline":"Valorizando o criador de conte\u00fado","datePublished":"2025-03-14T14:16:26+00:00","dateModified":"2025-03-18T16:36:04+00:00","mainEntityOfPage":{"@id":"https:\/\/mundoonibus.com.br\/site\/valorizando-o-criador-de-conteudo\/"},"wordCount":830,"commentCount":0,"publisher":{"@id":"https:\/\/mundoonibus.com.br\/site\/#organization"},"image":{"@id":"https:\/\/mundoonibus.com.br\/site\/valorizando-o-criador-de-conteudo\/#primaryimage"},"thumbnailUrl":"https:\/\/mundoonibus.com.br\/site\/wp-content\/uploads\/2025\/03\/Presidente-666.jpg","articleSection":["Geral"],"inLanguage":"pt-BR","potentialAction":[{"@type":"CommentAction","name":"Comment","target":["https:\/\/mundoonibus.com.br\/site\/valorizando-o-criador-de-conteudo\/#respond"]}]},{"@type":"WebPage","@id":"https:\/\/mundoonibus.com.br\/site\/valorizando-o-criador-de-conteudo\/","url":"https:\/\/mundoonibus.com.br\/site\/valorizando-o-criador-de-conteudo\/","name":"Valorizando o criador de conte\u00fado - Mundo \u00d4nibus","isPartOf":{"@id":"https:\/\/mundoonibus.com.br\/site\/#website"},"primaryImageOfPage":{"@id":"https:\/\/mundoonibus.com.br\/site\/valorizando-o-criador-de-conteudo\/#primaryimage"},"image":{"@id":"https:\/\/mundoonibus.com.br\/site\/valorizando-o-criador-de-conteudo\/#primaryimage"},"thumbnailUrl":"https:\/\/mundoonibus.com.br\/site\/wp-content\/uploads\/2025\/03\/Presidente-666.jpg","datePublished":"2025-03-14T14:16:26+00:00","dateModified":"2025-03-18T16:36:04+00:00","breadcrumb":{"@id":"https:\/\/mundoonibus.com.br\/site\/valorizando-o-criador-de-conteudo\/#breadcrumb"},"inLanguage":"pt-BR","potentialAction":[{"@type":"ReadAction","target":["https:\/\/mundoonibus.com.br\/site\/valorizando-o-criador-de-conteudo\/"]}]},{"@type":"ImageObject","inLanguage":"pt-BR","@id":"https:\/\/mundoonibus.com.br\/site\/valorizando-o-criador-de-conteudo\/#primaryimage","url":"https:\/\/mundoonibus.com.br\/site\/wp-content\/uploads\/2025\/03\/Presidente-666.jpg","contentUrl":"https:\/\/mundoonibus.com.br\/site\/wp-content\/uploads\/2025\/03\/Presidente-666.jpg","width":1600,"height":1200,"caption":"Sob intensa chuva em busca do carro 666"},{"@type":"BreadcrumbList","@id":"https:\/\/mundoonibus.com.br\/site\/valorizando-o-criador-de-conteudo\/#breadcrumb","itemListElement":[{"@type":"ListItem","position":1,"name":"In\u00edcio","item":"https:\/\/mundoonibus.com.br\/site\/"},{"@type":"ListItem","position":2,"name":"Valorizando o criador de conte\u00fado"}]},{"@type":"WebSite","@id":"https:\/\/mundoonibus.com.br\/site\/#website","url":"https:\/\/mundoonibus.com.br\/site\/","name":"Mundo \u00d4nibus","description":"Bem-vindo a Bordo!","publisher":{"@id":"https:\/\/mundoonibus.com.br\/site\/#organization"},"potentialAction":[{"@type":"SearchAction","target":{"@type":"EntryPoint","urlTemplate":"https:\/\/mundoonibus.com.br\/site\/?s={search_term_string}"},"query-input":{"@type":"PropertyValueSpecification","valueRequired":true,"valueName":"search_term_string"}}],"inLanguage":"pt-BR"},{"@type":"Organization","@id":"https:\/\/mundoonibus.com.br\/site\/#organization","name":"Mundo \u00d4nibus","url":"https:\/\/mundoonibus.com.br\/site\/","logo":{"@type":"ImageObject","inLanguage":"pt-BR","@id":"https:\/\/mundoonibus.com.br\/site\/#\/schema\/logo\/image\/","url":"https:\/\/mundoonibus.com.br\/site\/wp-content\/uploads\/2021\/10\/Logo-H.png","contentUrl":"https:\/\/mundoonibus.com.br\/site\/wp-content\/uploads\/2021\/10\/Logo-H.png","width":740,"height":139,"caption":"Mundo \u00d4nibus"},"image":{"@id":"https:\/\/mundoonibus.com.br\/site\/#\/schema\/logo\/image\/"}},{"@type":"Person","@id":"https:\/\/mundoonibus.com.br\/site\/#\/schema\/person\/9086a60d90ce61ac66d9357a12f8d7ae","name":"lucaamorim","sameAs":["instagram.com\/lucaamorim"],"url":"https:\/\/mundoonibus.com.br\/site\/author\/lpamorim\/"}]}},"_links":{"self":[{"href":"https:\/\/mundoonibus.com.br\/site\/wp-json\/wp\/v2\/posts\/10772","targetHints":{"allow":["GET"]}}],"collection":[{"href":"https:\/\/mundoonibus.com.br\/site\/wp-json\/wp\/v2\/posts"}],"about":[{"href":"https:\/\/mundoonibus.com.br\/site\/wp-json\/wp\/v2\/types\/post"}],"author":[{"embeddable":true,"href":"https:\/\/mundoonibus.com.br\/site\/wp-json\/wp\/v2\/users\/1"}],"replies":[{"embeddable":true,"href":"https:\/\/mundoonibus.com.br\/site\/wp-json\/wp\/v2\/comments?post=10772"}],"version-history":[{"count":4,"href":"https:\/\/mundoonibus.com.br\/site\/wp-json\/wp\/v2\/posts\/10772\/revisions"}],"predecessor-version":[{"id":12025,"href":"https:\/\/mundoonibus.com.br\/site\/wp-json\/wp\/v2\/posts\/10772\/revisions\/12025"}],"wp:featuredmedia":[{"embeddable":true,"href":"https:\/\/mundoonibus.com.br\/site\/wp-json\/wp\/v2\/media\/11914"}],"wp:attachment":[{"href":"https:\/\/mundoonibus.com.br\/site\/wp-json\/wp\/v2\/media?parent=10772"}],"wp:term":[{"taxonomy":"category","embeddable":true,"href":"https:\/\/mundoonibus.com.br\/site\/wp-json\/wp\/v2\/categories?post=10772"},{"taxonomy":"post_tag","embeddable":true,"href":"https:\/\/mundoonibus.com.br\/site\/wp-json\/wp\/v2\/tags?post=10772"}],"curies":[{"name":"wp","href":"https:\/\/api.w.org\/{rel}","templated":true}]}}