{"id":12066,"date":"2025-03-31T11:32:33","date_gmt":"2025-03-31T14:32:33","guid":{"rendered":"https:\/\/mundoonibus.com.br\/site\/?p=12066"},"modified":"2025-03-31T11:33:52","modified_gmt":"2025-03-31T14:33:52","slug":"transporte-coletivo-tem-novo-itinerario-para-atender-residencial-milano-e-proximidades","status":"publish","type":"post","link":"https:\/\/mundoonibus.com.br\/site\/transporte-coletivo-tem-novo-itinerario-para-atender-residencial-milano-e-proximidades\/","title":{"rendered":"Transporte Coletivo tem novo itiner\u00e1rio para atender Residencial Milano e proximidades"},"content":{"rendered":"\n<p>A partir de agora, os moradores do Residencial Milano e regi\u00e3o ter\u00e3o acesso ao \u00f4nibus em um novo ponto mais pr\u00f3ximo. Nos hor\u00e1rios das 04:20, 06:25 e 12:25, o transporte coletivo entra na Rua Maestro Egon Bohn at\u00e9 a esquina com a Rua Paulina Berkenbrok Gorisch para o embarque e desembarque de passageiros.<\/p>\n\n\n\n<p>Em torno de 800 pessoas que moram no condom\u00ednio, al\u00e9m das resid\u00eancias vizinhas, ser\u00e3o beneficiadas pela altera\u00e7\u00e3o no itiner\u00e1rio da linha que vem da \u00c1guas Negras. At\u00e9 ent\u00e3o, os passageiros do transporte coletivo precisavam caminhar um quil\u00f4metro at\u00e9 a Rua Jos\u00e9 Honorato M\u00fcller.<\/p>\n\n\n\n<p>A Diretoria de Transporte Coletivo vai estudar o fluxo de passageiros a partir dessa altera\u00e7\u00e3o para analisar a viabilidade de mais um hor\u00e1rio com esse percurso, no per\u00edodo da tarde.<\/p>\n\n\n\n<p>Fonte: <a href=\"https:\/\/www.gaspar.sc.gov.br\/transporte-coletivo-tem-novo-itinerario-para-atender-residencial-milano-e-proximidades\/\" target=\"_blank\" rel=\"noreferrer noopener\">Prefeitura de Gaspar<\/a><\/p>\n","protected":false},"excerpt":{"rendered":"<p>A partir de agora, os moradores do Residencial Milano e regi\u00e3o ter\u00e3o acesso ao \u00f4nibus em um novo ponto mais pr\u00f3ximo. Nos hor\u00e1rios das 04:20, 06:25 e 12:25, o transporte coletivo entra na Rua Maestro Egon Bohn at\u00e9 a esquina com a Rua Paulina Berkenbrok Gorisch para o embarque e desembarque de passageiros. Em torno&#8230;<\/p>\n","protected":false},"author":1,"featured_media":11340,"comment_status":"open","ping_status":"open","sticky":false,"template":"","format":"standard","meta":{"_kad_post_transparent":"","_kad_post_title":"","_kad_post_layout":"","_kad_post_sidebar_id":"","_kad_post_content_style":"","_kad_post_vertical_padding":"","_kad_post_feature":"","_kad_post_feature_position":"","_kad_post_header":false,"_kad_post_footer":false,"_kad_post_classname":"","footnotes":""},"categories":[69],"tags":[],"class_list":["post-12066","post","type-post","status-publish","format-standard","has-post-thumbnail","hentry","category-gaspar"],"yoast_head":"<!-- This site is optimized with the Yoast SEO plugin v27.4 - https:\/\/yoast.com\/product\/yoast-seo-wordpress\/ -->\n<title>Transporte Coletivo tem novo itiner\u00e1rio para atender Residencial Milano e proximidades - Mundo \u00d4nibus<\/title>\n<meta name=\"robots\" content=\"index, follow, max-snippet:-1, max-image-preview:large, max-video-preview:-1\" \/>\n<link rel=\"canonical\" href=\"https:\/\/mundoonibus.com.br\/site\/transporte-coletivo-tem-novo-itinerario-para-atender-residencial-milano-e-proximidades\/\" \/>\n<meta property=\"og:locale\" content=\"pt_BR\" \/>\n<meta property=\"og:type\" content=\"article\" \/>\n<meta property=\"og:title\" content=\"Transporte Coletivo tem novo itiner\u00e1rio para atender Residencial Milano e proximidades - Mundo \u00d4nibus\" \/>\n<meta property=\"og:description\" content=\"A partir de agora, os moradores do Residencial Milano e regi\u00e3o ter\u00e3o acesso ao \u00f4nibus em um novo ponto mais pr\u00f3ximo. Nos hor\u00e1rios das 04:20, 06:25 e 12:25, o transporte coletivo entra na Rua Maestro Egon Bohn at\u00e9 a esquina com a Rua Paulina Berkenbrok Gorisch para o embarque e desembarque de passageiros. Em torno...\" \/>\n<meta property=\"og:url\" content=\"https:\/\/mundoonibus.com.br\/site\/transporte-coletivo-tem-novo-itinerario-para-atender-residencial-milano-e-proximidades\/\" \/>\n<meta property=\"og:site_name\" content=\"Mundo \u00d4nibus\" \/>\n<meta property=\"article:published_time\" content=\"2025-03-31T14:32:33+00:00\" \/>\n<meta property=\"article:modified_time\" content=\"2025-03-31T14:33:52+00:00\" \/>\n<meta property=\"og:image\" content=\"https:\/\/mundoonibus.com.br\/site\/wp-content\/uploads\/2024\/12\/Presidente-467.jpg\" \/>\n\t<meta property=\"og:image:width\" content=\"1600\" \/>\n\t<meta property=\"og:image:height\" content=\"1200\" \/>\n\t<meta property=\"og:image:type\" content=\"image\/jpeg\" \/>\n<meta name=\"author\" content=\"lucaamorim\" \/>\n<meta name=\"twitter:card\" content=\"summary_large_image\" \/>\n<meta name=\"twitter:label1\" content=\"Escrito por\" \/>\n\t<meta name=\"twitter:data1\" content=\"lucaamorim\" \/>\n\t<meta name=\"twitter:label2\" content=\"Est. tempo de leitura\" \/>\n\t<meta name=\"twitter:data2\" content=\"1 minuto\" \/>\n<script type=\"application\/ld+json\" class=\"yoast-schema-graph\">{\"@context\":\"https:\\\/\\\/schema.org\",\"@graph\":[{\"@type\":\"Article\",\"@id\":\"https:\\\/\\\/mundoonibus.com.br\\\/site\\\/transporte-coletivo-tem-novo-itinerario-para-atender-residencial-milano-e-proximidades\\\/#article\",\"isPartOf\":{\"@id\":\"https:\\\/\\\/mundoonibus.com.br\\\/site\\\/transporte-coletivo-tem-novo-itinerario-para-atender-residencial-milano-e-proximidades\\\/\"},\"author\":{\"name\":\"lucaamorim\",\"@id\":\"https:\\\/\\\/mundoonibus.com.br\\\/site\\\/#\\\/schema\\\/person\\\/9086a60d90ce61ac66d9357a12f8d7ae\"},\"headline\":\"Transporte Coletivo tem novo itiner\u00e1rio para atender Residencial Milano e proximidades\",\"datePublished\":\"2025-03-31T14:32:33+00:00\",\"dateModified\":\"2025-03-31T14:33:52+00:00\",\"mainEntityOfPage\":{\"@id\":\"https:\\\/\\\/mundoonibus.com.br\\\/site\\\/transporte-coletivo-tem-novo-itinerario-para-atender-residencial-milano-e-proximidades\\\/\"},\"wordCount\":154,\"commentCount\":0,\"publisher\":{\"@id\":\"https:\\\/\\\/mundoonibus.com.br\\\/site\\\/#organization\"},\"image\":{\"@id\":\"https:\\\/\\\/mundoonibus.com.br\\\/site\\\/transporte-coletivo-tem-novo-itinerario-para-atender-residencial-milano-e-proximidades\\\/#primaryimage\"},\"thumbnailUrl\":\"https:\\\/\\\/mundoonibus.com.br\\\/site\\\/wp-content\\\/uploads\\\/2024\\\/12\\\/Presidente-467.jpg\",\"articleSection\":[\"Gaspar\"],\"inLanguage\":\"pt-BR\",\"potentialAction\":[{\"@type\":\"CommentAction\",\"name\":\"Comment\",\"target\":[\"https:\\\/\\\/mundoonibus.com.br\\\/site\\\/transporte-coletivo-tem-novo-itinerario-para-atender-residencial-milano-e-proximidades\\\/#respond\"]}]},{\"@type\":\"WebPage\",\"@id\":\"https:\\\/\\\/mundoonibus.com.br\\\/site\\\/transporte-coletivo-tem-novo-itinerario-para-atender-residencial-milano-e-proximidades\\\/\",\"url\":\"https:\\\/\\\/mundoonibus.com.br\\\/site\\\/transporte-coletivo-tem-novo-itinerario-para-atender-residencial-milano-e-proximidades\\\/\",\"name\":\"Transporte Coletivo tem novo itiner\u00e1rio para atender Residencial Milano e proximidades - Mundo \u00d4nibus\",\"isPartOf\":{\"@id\":\"https:\\\/\\\/mundoonibus.com.br\\\/site\\\/#website\"},\"primaryImageOfPage\":{\"@id\":\"https:\\\/\\\/mundoonibus.com.br\\\/site\\\/transporte-coletivo-tem-novo-itinerario-para-atender-residencial-milano-e-proximidades\\\/#primaryimage\"},\"image\":{\"@id\":\"https:\\\/\\\/mundoonibus.com.br\\\/site\\\/transporte-coletivo-tem-novo-itinerario-para-atender-residencial-milano-e-proximidades\\\/#primaryimage\"},\"thumbnailUrl\":\"https:\\\/\\\/mundoonibus.com.br\\\/site\\\/wp-content\\\/uploads\\\/2024\\\/12\\\/Presidente-467.jpg\",\"datePublished\":\"2025-03-31T14:32:33+00:00\",\"dateModified\":\"2025-03-31T14:33:52+00:00\",\"breadcrumb\":{\"@id\":\"https:\\\/\\\/mundoonibus.com.br\\\/site\\\/transporte-coletivo-tem-novo-itinerario-para-atender-residencial-milano-e-proximidades\\\/#breadcrumb\"},\"inLanguage\":\"pt-BR\",\"potentialAction\":[{\"@type\":\"ReadAction\",\"target\":[\"https:\\\/\\\/mundoonibus.com.br\\\/site\\\/transporte-coletivo-tem-novo-itinerario-para-atender-residencial-milano-e-proximidades\\\/\"]}]},{\"@type\":\"ImageObject\",\"inLanguage\":\"pt-BR\",\"@id\":\"https:\\\/\\\/mundoonibus.com.br\\\/site\\\/transporte-coletivo-tem-novo-itinerario-para-atender-residencial-milano-e-proximidades\\\/#primaryimage\",\"url\":\"https:\\\/\\\/mundoonibus.com.br\\\/site\\\/wp-content\\\/uploads\\\/2024\\\/12\\\/Presidente-467.jpg\",\"contentUrl\":\"https:\\\/\\\/mundoonibus.com.br\\\/site\\\/wp-content\\\/uploads\\\/2024\\\/12\\\/Presidente-467.jpg\",\"width\":1600,\"height\":1200},{\"@type\":\"BreadcrumbList\",\"@id\":\"https:\\\/\\\/mundoonibus.com.br\\\/site\\\/transporte-coletivo-tem-novo-itinerario-para-atender-residencial-milano-e-proximidades\\\/#breadcrumb\",\"itemListElement\":[{\"@type\":\"ListItem\",\"position\":1,\"name\":\"In\u00edcio\",\"item\":\"https:\\\/\\\/mundoonibus.com.br\\\/site\\\/\"},{\"@type\":\"ListItem\",\"position\":2,\"name\":\"Transporte Coletivo tem novo itiner\u00e1rio para atender Residencial Milano e proximidades\"}]},{\"@type\":\"WebSite\",\"@id\":\"https:\\\/\\\/mundoonibus.com.br\\\/site\\\/#website\",\"url\":\"https:\\\/\\\/mundoonibus.com.br\\\/site\\\/\",\"name\":\"Mundo \u00d4nibus\",\"description\":\"Bem-vindo a Bordo!\",\"publisher\":{\"@id\":\"https:\\\/\\\/mundoonibus.com.br\\\/site\\\/#organization\"},\"potentialAction\":[{\"@type\":\"SearchAction\",\"target\":{\"@type\":\"EntryPoint\",\"urlTemplate\":\"https:\\\/\\\/mundoonibus.com.br\\\/site\\\/?s={search_term_string}\"},\"query-input\":{\"@type\":\"PropertyValueSpecification\",\"valueRequired\":true,\"valueName\":\"search_term_string\"}}],\"inLanguage\":\"pt-BR\"},{\"@type\":\"Organization\",\"@id\":\"https:\\\/\\\/mundoonibus.com.br\\\/site\\\/#organization\",\"name\":\"Mundo \u00d4nibus\",\"url\":\"https:\\\/\\\/mundoonibus.com.br\\\/site\\\/\",\"logo\":{\"@type\":\"ImageObject\",\"inLanguage\":\"pt-BR\",\"@id\":\"https:\\\/\\\/mundoonibus.com.br\\\/site\\\/#\\\/schema\\\/logo\\\/image\\\/\",\"url\":\"https:\\\/\\\/mundoonibus.com.br\\\/site\\\/wp-content\\\/uploads\\\/2021\\\/10\\\/Logo-H.png\",\"contentUrl\":\"https:\\\/\\\/mundoonibus.com.br\\\/site\\\/wp-content\\\/uploads\\\/2021\\\/10\\\/Logo-H.png\",\"width\":740,\"height\":139,\"caption\":\"Mundo \u00d4nibus\"},\"image\":{\"@id\":\"https:\\\/\\\/mundoonibus.com.br\\\/site\\\/#\\\/schema\\\/logo\\\/image\\\/\"}},{\"@type\":\"Person\",\"@id\":\"https:\\\/\\\/mundoonibus.com.br\\\/site\\\/#\\\/schema\\\/person\\\/9086a60d90ce61ac66d9357a12f8d7ae\",\"name\":\"lucaamorim\",\"sameAs\":[\"instagram.com\\\/lucaamorim\"],\"url\":\"https:\\\/\\\/mundoonibus.com.br\\\/site\\\/author\\\/lpamorim\\\/\"}]}<\/script>\n<!-- \/ Yoast SEO plugin. -->","yoast_head_json":{"title":"Transporte Coletivo tem novo itiner\u00e1rio para atender Residencial Milano e proximidades - Mundo \u00d4nibus","robots":{"index":"index","follow":"follow","max-snippet":"max-snippet:-1","max-image-preview":"max-image-preview:large","max-video-preview":"max-video-preview:-1"},"canonical":"https:\/\/mundoonibus.com.br\/site\/transporte-coletivo-tem-novo-itinerario-para-atender-residencial-milano-e-proximidades\/","og_locale":"pt_BR","og_type":"article","og_title":"Transporte Coletivo tem novo itiner\u00e1rio para atender Residencial Milano e proximidades - Mundo \u00d4nibus","og_description":"A partir de agora, os moradores do Residencial Milano e regi\u00e3o ter\u00e3o acesso ao \u00f4nibus em um novo ponto mais pr\u00f3ximo. Nos hor\u00e1rios das 04:20, 06:25 e 12:25, o transporte coletivo entra na Rua Maestro Egon Bohn at\u00e9 a esquina com a Rua Paulina Berkenbrok Gorisch para o embarque e desembarque de passageiros. Em torno...","og_url":"https:\/\/mundoonibus.com.br\/site\/transporte-coletivo-tem-novo-itinerario-para-atender-residencial-milano-e-proximidades\/","og_site_name":"Mundo \u00d4nibus","article_published_time":"2025-03-31T14:32:33+00:00","article_modified_time":"2025-03-31T14:33:52+00:00","og_image":[{"width":1600,"height":1200,"url":"https:\/\/mundoonibus.com.br\/site\/wp-content\/uploads\/2024\/12\/Presidente-467.jpg","type":"image\/jpeg"}],"author":"lucaamorim","twitter_card":"summary_large_image","twitter_misc":{"Escrito por":"lucaamorim","Est. tempo de leitura":"1 minuto"},"schema":{"@context":"https:\/\/schema.org","@graph":[{"@type":"Article","@id":"https:\/\/mundoonibus.com.br\/site\/transporte-coletivo-tem-novo-itinerario-para-atender-residencial-milano-e-proximidades\/#article","isPartOf":{"@id":"https:\/\/mundoonibus.com.br\/site\/transporte-coletivo-tem-novo-itinerario-para-atender-residencial-milano-e-proximidades\/"},"author":{"name":"lucaamorim","@id":"https:\/\/mundoonibus.com.br\/site\/#\/schema\/person\/9086a60d90ce61ac66d9357a12f8d7ae"},"headline":"Transporte Coletivo tem novo itiner\u00e1rio para atender Residencial Milano e proximidades","datePublished":"2025-03-31T14:32:33+00:00","dateModified":"2025-03-31T14:33:52+00:00","mainEntityOfPage":{"@id":"https:\/\/mundoonibus.com.br\/site\/transporte-coletivo-tem-novo-itinerario-para-atender-residencial-milano-e-proximidades\/"},"wordCount":154,"commentCount":0,"publisher":{"@id":"https:\/\/mundoonibus.com.br\/site\/#organization"},"image":{"@id":"https:\/\/mundoonibus.com.br\/site\/transporte-coletivo-tem-novo-itinerario-para-atender-residencial-milano-e-proximidades\/#primaryimage"},"thumbnailUrl":"https:\/\/mundoonibus.com.br\/site\/wp-content\/uploads\/2024\/12\/Presidente-467.jpg","articleSection":["Gaspar"],"inLanguage":"pt-BR","potentialAction":[{"@type":"CommentAction","name":"Comment","target":["https:\/\/mundoonibus.com.br\/site\/transporte-coletivo-tem-novo-itinerario-para-atender-residencial-milano-e-proximidades\/#respond"]}]},{"@type":"WebPage","@id":"https:\/\/mundoonibus.com.br\/site\/transporte-coletivo-tem-novo-itinerario-para-atender-residencial-milano-e-proximidades\/","url":"https:\/\/mundoonibus.com.br\/site\/transporte-coletivo-tem-novo-itinerario-para-atender-residencial-milano-e-proximidades\/","name":"Transporte Coletivo tem novo itiner\u00e1rio para atender Residencial Milano e proximidades - Mundo \u00d4nibus","isPartOf":{"@id":"https:\/\/mundoonibus.com.br\/site\/#website"},"primaryImageOfPage":{"@id":"https:\/\/mundoonibus.com.br\/site\/transporte-coletivo-tem-novo-itinerario-para-atender-residencial-milano-e-proximidades\/#primaryimage"},"image":{"@id":"https:\/\/mundoonibus.com.br\/site\/transporte-coletivo-tem-novo-itinerario-para-atender-residencial-milano-e-proximidades\/#primaryimage"},"thumbnailUrl":"https:\/\/mundoonibus.com.br\/site\/wp-content\/uploads\/2024\/12\/Presidente-467.jpg","datePublished":"2025-03-31T14:32:33+00:00","dateModified":"2025-03-31T14:33:52+00:00","breadcrumb":{"@id":"https:\/\/mundoonibus.com.br\/site\/transporte-coletivo-tem-novo-itinerario-para-atender-residencial-milano-e-proximidades\/#breadcrumb"},"inLanguage":"pt-BR","potentialAction":[{"@type":"ReadAction","target":["https:\/\/mundoonibus.com.br\/site\/transporte-coletivo-tem-novo-itinerario-para-atender-residencial-milano-e-proximidades\/"]}]},{"@type":"ImageObject","inLanguage":"pt-BR","@id":"https:\/\/mundoonibus.com.br\/site\/transporte-coletivo-tem-novo-itinerario-para-atender-residencial-milano-e-proximidades\/#primaryimage","url":"https:\/\/mundoonibus.com.br\/site\/wp-content\/uploads\/2024\/12\/Presidente-467.jpg","contentUrl":"https:\/\/mundoonibus.com.br\/site\/wp-content\/uploads\/2024\/12\/Presidente-467.jpg","width":1600,"height":1200},{"@type":"BreadcrumbList","@id":"https:\/\/mundoonibus.com.br\/site\/transporte-coletivo-tem-novo-itinerario-para-atender-residencial-milano-e-proximidades\/#breadcrumb","itemListElement":[{"@type":"ListItem","position":1,"name":"In\u00edcio","item":"https:\/\/mundoonibus.com.br\/site\/"},{"@type":"ListItem","position":2,"name":"Transporte Coletivo tem novo itiner\u00e1rio para atender Residencial Milano e proximidades"}]},{"@type":"WebSite","@id":"https:\/\/mundoonibus.com.br\/site\/#website","url":"https:\/\/mundoonibus.com.br\/site\/","name":"Mundo \u00d4nibus","description":"Bem-vindo a Bordo!","publisher":{"@id":"https:\/\/mundoonibus.com.br\/site\/#organization"},"potentialAction":[{"@type":"SearchAction","target":{"@type":"EntryPoint","urlTemplate":"https:\/\/mundoonibus.com.br\/site\/?s={search_term_string}"},"query-input":{"@type":"PropertyValueSpecification","valueRequired":true,"valueName":"search_term_string"}}],"inLanguage":"pt-BR"},{"@type":"Organization","@id":"https:\/\/mundoonibus.com.br\/site\/#organization","name":"Mundo \u00d4nibus","url":"https:\/\/mundoonibus.com.br\/site\/","logo":{"@type":"ImageObject","inLanguage":"pt-BR","@id":"https:\/\/mundoonibus.com.br\/site\/#\/schema\/logo\/image\/","url":"https:\/\/mundoonibus.com.br\/site\/wp-content\/uploads\/2021\/10\/Logo-H.png","contentUrl":"https:\/\/mundoonibus.com.br\/site\/wp-content\/uploads\/2021\/10\/Logo-H.png","width":740,"height":139,"caption":"Mundo \u00d4nibus"},"image":{"@id":"https:\/\/mundoonibus.com.br\/site\/#\/schema\/logo\/image\/"}},{"@type":"Person","@id":"https:\/\/mundoonibus.com.br\/site\/#\/schema\/person\/9086a60d90ce61ac66d9357a12f8d7ae","name":"lucaamorim","sameAs":["instagram.com\/lucaamorim"],"url":"https:\/\/mundoonibus.com.br\/site\/author\/lpamorim\/"}]}},"_links":{"self":[{"href":"https:\/\/mundoonibus.com.br\/site\/wp-json\/wp\/v2\/posts\/12066","targetHints":{"allow":["GET"]}}],"collection":[{"href":"https:\/\/mundoonibus.com.br\/site\/wp-json\/wp\/v2\/posts"}],"about":[{"href":"https:\/\/mundoonibus.com.br\/site\/wp-json\/wp\/v2\/types\/post"}],"author":[{"embeddable":true,"href":"https:\/\/mundoonibus.com.br\/site\/wp-json\/wp\/v2\/users\/1"}],"replies":[{"embeddable":true,"href":"https:\/\/mundoonibus.com.br\/site\/wp-json\/wp\/v2\/comments?post=12066"}],"version-history":[{"count":2,"href":"https:\/\/mundoonibus.com.br\/site\/wp-json\/wp\/v2\/posts\/12066\/revisions"}],"predecessor-version":[{"id":12068,"href":"https:\/\/mundoonibus.com.br\/site\/wp-json\/wp\/v2\/posts\/12066\/revisions\/12068"}],"wp:featuredmedia":[{"embeddable":true,"href":"https:\/\/mundoonibus.com.br\/site\/wp-json\/wp\/v2\/media\/11340"}],"wp:attachment":[{"href":"https:\/\/mundoonibus.com.br\/site\/wp-json\/wp\/v2\/media?parent=12066"}],"wp:term":[{"taxonomy":"category","embeddable":true,"href":"https:\/\/mundoonibus.com.br\/site\/wp-json\/wp\/v2\/categories?post=12066"},{"taxonomy":"post_tag","embeddable":true,"href":"https:\/\/mundoonibus.com.br\/site\/wp-json\/wp\/v2\/tags?post=12066"}],"curies":[{"name":"wp","href":"https:\/\/api.w.org\/{rel}","templated":true}]}}