{"id":12076,"date":"2025-04-07T11:03:01","date_gmt":"2025-04-07T14:03:01","guid":{"rendered":"https:\/\/mundoonibus.com.br\/site\/?p=12076"},"modified":"2025-04-07T11:10:20","modified_gmt":"2025-04-07T14:10:20","slug":"sinalizacao-precaria-no-corredor-de-onibus-da-rua-itajai","status":"publish","type":"post","link":"https:\/\/mundoonibus.com.br\/site\/sinalizacao-precaria-no-corredor-de-onibus-da-rua-itajai\/","title":{"rendered":"Sinaliza\u00e7\u00e3o prec\u00e1ria no corredor de \u00f4nibus da Rua Itaja\u00ed"},"content":{"rendered":"\n<p>H\u00e1 algum tempo aderi ao ciclismo como forma de melhorar a sa\u00fade f\u00edsica e mental. Um dos trechos que mais utilizo &#8211; especialmente aos finais de semana &#8211; \u00e9 a Rua Itaja\u00ed no trajeto entre Bela Vista e Centro (claro, \u00e9 pra isso que esta via serve). Al\u00e9m deste trecho, tamb\u00e9m costumo utilizar os corredores das ruas Amazonas, S\u00e3o Paulo e Engenheiro Paul Werner, os dois \u00faltimos com menor frequ\u00eancia.<\/p>\n\n\n\n<p>Corredor de \u00f4nibus n\u00e3o \u00e9 lugar para ciclista. Ainda assim, em muitas ocasi\u00f5es opto por utiliz\u00e1-lo por conta de sua ociosidade aos finais de semana devido a menor frequ\u00eancia das linhas do transporte coletivo. De todo modo &#8211; por estar fora de uma ciclofaixa ou ciclovia &#8211; \u00e9 fundamental ao ciclista observar e dar a prefer\u00eancia para ve\u00edculos maiores que transitem pelo corredor.<\/p>\n\n\n\n<h4 class=\"wp-block-heading\">Voltando \u00e0 Rua Itaja\u00ed<\/h4>\n\n\n\n<p>Por diversas vezes, vejo ve\u00edculos de passeio utilizando o corredor da Rua Itaja\u00ed como pista de rolamento. Isto acontece em outras vias exclusivas de Blumenau, mas me parece mais comum naquela via em espec\u00edfico. Mesmo assim, nunca parei para conferir a sinaliza\u00e7\u00e3o. Por ser perto de casa e utilizar a via frequentemente, os detalhes acabam passando despercebidos.<\/p>\n\n\n\n<p>Resolvi me atendar a este detalhe e, para minha surpresa (na verdade eu j\u00e1 imaginava), notei que a sinaliza\u00e7\u00e3o est\u00e1 prec\u00e1ria neste local. A via possui apenas duas placas bem discretas indicando o corredor exclusivo ao longo dos quase 1,5km de extens\u00e3o.<\/p>\n\n\n\n<figure class=\"wp-block-gallery has-nested-images columns-default is-cropped wp-block-gallery-1 is-layout-flex wp-block-gallery-is-layout-flex\">\n<figure class=\"wp-block-image size-large\"><a href=\"https:\/\/mundoonibus.com.br\/site\/wp-content\/uploads\/2025\/04\/Corredor-Rua-Itajai-2025-A.jpg\" data-lbwps-width=\"1600\" data-lbwps-height=\"1199\" data-lbwps-srcsmall=\"https:\/\/mundoonibus.com.br\/site\/wp-content\/uploads\/2025\/04\/Corredor-Rua-Itajai-2025-A-300x225.jpg\"><img loading=\"lazy\" decoding=\"async\" width=\"1024\" height=\"767\" data-id=\"12077\" src=\"https:\/\/mundoonibus.com.br\/site\/wp-content\/uploads\/2025\/04\/Corredor-Rua-Itajai-2025-A-1024x767.jpg\" alt=\"\" class=\"wp-image-12077\" srcset=\"https:\/\/mundoonibus.com.br\/site\/wp-content\/uploads\/2025\/04\/Corredor-Rua-Itajai-2025-A-1024x767.jpg 1024w, https:\/\/mundoonibus.com.br\/site\/wp-content\/uploads\/2025\/04\/Corredor-Rua-Itajai-2025-A-300x225.jpg 300w, https:\/\/mundoonibus.com.br\/site\/wp-content\/uploads\/2025\/04\/Corredor-Rua-Itajai-2025-A-768x576.jpg 768w, https:\/\/mundoonibus.com.br\/site\/wp-content\/uploads\/2025\/04\/Corredor-Rua-Itajai-2025-A-1536x1151.jpg 1536w, https:\/\/mundoonibus.com.br\/site\/wp-content\/uploads\/2025\/04\/Corredor-Rua-Itajai-2025-A.jpg 1600w\" sizes=\"auto, (max-width: 1024px) 100vw, 1024px\" \/><\/a><figcaption class=\"wp-element-caption\">No in\u00edcio do corredor, a placa indica apenas o ponto de \u00f4nibus<\/figcaption><\/figure>\n\n\n\n<figure class=\"wp-block-image size-large\"><a href=\"https:\/\/mundoonibus.com.br\/site\/wp-content\/uploads\/2025\/04\/Corredor-Rua-Itajai-2025-B.jpg\" data-lbwps-width=\"1600\" data-lbwps-height=\"1200\" data-lbwps-srcsmall=\"https:\/\/mundoonibus.com.br\/site\/wp-content\/uploads\/2025\/04\/Corredor-Rua-Itajai-2025-B-300x225.jpg\"><img loading=\"lazy\" decoding=\"async\" width=\"1024\" height=\"768\" data-id=\"12078\" src=\"https:\/\/mundoonibus.com.br\/site\/wp-content\/uploads\/2025\/04\/Corredor-Rua-Itajai-2025-B-1024x768.jpg\" alt=\"\" class=\"wp-image-12078\" srcset=\"https:\/\/mundoonibus.com.br\/site\/wp-content\/uploads\/2025\/04\/Corredor-Rua-Itajai-2025-B-1024x768.jpg 1024w, https:\/\/mundoonibus.com.br\/site\/wp-content\/uploads\/2025\/04\/Corredor-Rua-Itajai-2025-B-300x225.jpg 300w, https:\/\/mundoonibus.com.br\/site\/wp-content\/uploads\/2025\/04\/Corredor-Rua-Itajai-2025-B-768x576.jpg 768w, https:\/\/mundoonibus.com.br\/site\/wp-content\/uploads\/2025\/04\/Corredor-Rua-Itajai-2025-B-1536x1152.jpg 1536w, https:\/\/mundoonibus.com.br\/site\/wp-content\/uploads\/2025\/04\/Corredor-Rua-Itajai-2025-B.jpg 1600w\" sizes=\"auto, (max-width: 1024px) 100vw, 1024px\" \/><\/a><figcaption class=\"wp-element-caption\">S\u00e3o cerca de 500 metros sem sinaliza\u00e7\u00e3o horizontal ou vertical<\/figcaption><\/figure>\n\n\n\n<figure class=\"wp-block-image size-large\"><a href=\"https:\/\/mundoonibus.com.br\/site\/wp-content\/uploads\/2025\/04\/Corredor-Rua-Itajai-2025-C.jpg\" data-lbwps-width=\"1600\" data-lbwps-height=\"1199\" data-lbwps-srcsmall=\"https:\/\/mundoonibus.com.br\/site\/wp-content\/uploads\/2025\/04\/Corredor-Rua-Itajai-2025-C-300x225.jpg\"><img loading=\"lazy\" decoding=\"async\" width=\"1024\" height=\"767\" data-id=\"12079\" src=\"https:\/\/mundoonibus.com.br\/site\/wp-content\/uploads\/2025\/04\/Corredor-Rua-Itajai-2025-C-1024x767.jpg\" alt=\"\" class=\"wp-image-12079\" srcset=\"https:\/\/mundoonibus.com.br\/site\/wp-content\/uploads\/2025\/04\/Corredor-Rua-Itajai-2025-C-1024x767.jpg 1024w, https:\/\/mundoonibus.com.br\/site\/wp-content\/uploads\/2025\/04\/Corredor-Rua-Itajai-2025-C-300x225.jpg 300w, https:\/\/mundoonibus.com.br\/site\/wp-content\/uploads\/2025\/04\/Corredor-Rua-Itajai-2025-C-768x576.jpg 768w, https:\/\/mundoonibus.com.br\/site\/wp-content\/uploads\/2025\/04\/Corredor-Rua-Itajai-2025-C-1536x1151.jpg 1536w, https:\/\/mundoonibus.com.br\/site\/wp-content\/uploads\/2025\/04\/Corredor-Rua-Itajai-2025-C.jpg 1600w\" sizes=\"auto, (max-width: 1024px) 100vw, 1024px\" \/><\/a><figcaption class=\"wp-element-caption\">Ao fundo nota-se a primeira sinaliza\u00e7\u00e3o, j\u00e1 pr\u00f3ximo ao Don Concept Hall<\/figcaption><\/figure>\n<\/figure>\n\n\n\n<p>Penso agora em tr\u00eas quest\u00f5es:<\/p>\n\n\n\n<ul class=\"wp-block-list\">\n<li>\u00c9 imposs\u00edvel adivinhar que aquele \u00e9 um espa\u00e7o exclusivo para transporte coletivo.<\/li>\n\n\n\n<li>Esta situa\u00e7\u00e3o abre precedentes para condutores trafegarem sobre o corredor e recorrerem de eventuais infra\u00e7\u00f5es de tr\u00e2nsito.<\/li>\n\n\n\n<li>Motoristas que me xingaram por transitar de bicicleta sobre o corredor achando que eu estava &#8216;na pista de rolamento&#8217;.<\/li>\n<\/ul>\n\n\n\n<figure class=\"wp-block-gallery has-nested-images columns-default is-cropped wp-block-gallery-2 is-layout-flex wp-block-gallery-is-layout-flex\">\n<figure class=\"wp-block-image size-large\"><a href=\"https:\/\/mundoonibus.com.br\/site\/wp-content\/uploads\/2025\/04\/Corredor-Rua-Itajai-2025-D.jpg\" data-lbwps-width=\"1600\" data-lbwps-height=\"1199\" data-lbwps-srcsmall=\"https:\/\/mundoonibus.com.br\/site\/wp-content\/uploads\/2025\/04\/Corredor-Rua-Itajai-2025-D-300x225.jpg\"><img loading=\"lazy\" decoding=\"async\" width=\"1024\" height=\"767\" data-id=\"12082\" src=\"https:\/\/mundoonibus.com.br\/site\/wp-content\/uploads\/2025\/04\/Corredor-Rua-Itajai-2025-D-1024x767.jpg\" alt=\"\" class=\"wp-image-12082\" srcset=\"https:\/\/mundoonibus.com.br\/site\/wp-content\/uploads\/2025\/04\/Corredor-Rua-Itajai-2025-D-1024x767.jpg 1024w, https:\/\/mundoonibus.com.br\/site\/wp-content\/uploads\/2025\/04\/Corredor-Rua-Itajai-2025-D-300x225.jpg 300w, https:\/\/mundoonibus.com.br\/site\/wp-content\/uploads\/2025\/04\/Corredor-Rua-Itajai-2025-D-768x576.jpg 768w, https:\/\/mundoonibus.com.br\/site\/wp-content\/uploads\/2025\/04\/Corredor-Rua-Itajai-2025-D-1536x1151.jpg 1536w, https:\/\/mundoonibus.com.br\/site\/wp-content\/uploads\/2025\/04\/Corredor-Rua-Itajai-2025-D.jpg 1600w\" sizes=\"auto, (max-width: 1024px) 100vw, 1024px\" \/><\/a><figcaption class=\"wp-element-caption\">Al\u00e9m de discreta, a primeira sinaliza\u00e7\u00e3o est\u00e1 parcialmente encoberta<\/figcaption><\/figure>\n\n\n\n<figure class=\"wp-block-image size-large\"><a href=\"https:\/\/mundoonibus.com.br\/site\/wp-content\/uploads\/2025\/04\/Corredor-Rua-Itajai-2025-E.jpg\" data-lbwps-width=\"1600\" data-lbwps-height=\"1200\" data-lbwps-srcsmall=\"https:\/\/mundoonibus.com.br\/site\/wp-content\/uploads\/2025\/04\/Corredor-Rua-Itajai-2025-E-300x225.jpg\"><img loading=\"lazy\" decoding=\"async\" width=\"1024\" height=\"768\" data-id=\"12081\" src=\"https:\/\/mundoonibus.com.br\/site\/wp-content\/uploads\/2025\/04\/Corredor-Rua-Itajai-2025-E-1024x768.jpg\" alt=\"\" class=\"wp-image-12081\" srcset=\"https:\/\/mundoonibus.com.br\/site\/wp-content\/uploads\/2025\/04\/Corredor-Rua-Itajai-2025-E-1024x768.jpg 1024w, https:\/\/mundoonibus.com.br\/site\/wp-content\/uploads\/2025\/04\/Corredor-Rua-Itajai-2025-E-300x225.jpg 300w, https:\/\/mundoonibus.com.br\/site\/wp-content\/uploads\/2025\/04\/Corredor-Rua-Itajai-2025-E-768x576.jpg 768w, https:\/\/mundoonibus.com.br\/site\/wp-content\/uploads\/2025\/04\/Corredor-Rua-Itajai-2025-E-1536x1152.jpg 1536w, https:\/\/mundoonibus.com.br\/site\/wp-content\/uploads\/2025\/04\/Corredor-Rua-Itajai-2025-E.jpg 1600w\" sizes=\"auto, (max-width: 1024px) 100vw, 1024px\" \/><\/a><figcaption class=\"wp-element-caption\">Pr\u00f3ximo ao Hospital Santo Ant\u00f4nio existe intensa movimenta\u00e7\u00e3o de ve\u00edculos de servi\u00e7o<\/figcaption><\/figure>\n\n\n\n<figure class=\"wp-block-image size-large\"><a href=\"https:\/\/mundoonibus.com.br\/site\/wp-content\/uploads\/2025\/04\/Corredor-Rua-Itajai-2025-F.jpg\" data-lbwps-width=\"1600\" data-lbwps-height=\"1200\" data-lbwps-srcsmall=\"https:\/\/mundoonibus.com.br\/site\/wp-content\/uploads\/2025\/04\/Corredor-Rua-Itajai-2025-F-300x225.jpg\"><img loading=\"lazy\" decoding=\"async\" width=\"1024\" height=\"768\" data-id=\"12080\" src=\"https:\/\/mundoonibus.com.br\/site\/wp-content\/uploads\/2025\/04\/Corredor-Rua-Itajai-2025-F-1024x768.jpg\" alt=\"\" class=\"wp-image-12080\" srcset=\"https:\/\/mundoonibus.com.br\/site\/wp-content\/uploads\/2025\/04\/Corredor-Rua-Itajai-2025-F-1024x768.jpg 1024w, https:\/\/mundoonibus.com.br\/site\/wp-content\/uploads\/2025\/04\/Corredor-Rua-Itajai-2025-F-300x225.jpg 300w, https:\/\/mundoonibus.com.br\/site\/wp-content\/uploads\/2025\/04\/Corredor-Rua-Itajai-2025-F-768x576.jpg 768w, https:\/\/mundoonibus.com.br\/site\/wp-content\/uploads\/2025\/04\/Corredor-Rua-Itajai-2025-F-1536x1152.jpg 1536w, https:\/\/mundoonibus.com.br\/site\/wp-content\/uploads\/2025\/04\/Corredor-Rua-Itajai-2025-F.jpg 1600w\" sizes=\"auto, (max-width: 1024px) 100vw, 1024px\" \/><\/a><figcaption class=\"wp-element-caption\">No trecho final do corredor h\u00e1 uma segunda placa<\/figcaption><\/figure>\n<\/figure>\n\n\n\n<h4 class=\"wp-block-heading\">Esqueceram?<\/h4>\n\n\n\n<p>A via foi revitalizada h\u00e1 cerca de tr\u00eas anos, com altera\u00e7\u00e3o no posicionamento de caixas coletoras e substitui\u00e7\u00e3o da pavimenta\u00e7\u00e3o asf\u00e1ltica. Tamb\u00e9m recebeu novas cal\u00e7adas e alguns bols\u00f5es de estacionamento. Por se tratar de um dos mais importantes corredores de servi\u00e7o na cidade, a obra foi bastante aguardada pela comunidade e foi executada com certa rapidez para minimizar os impactos econ\u00f4micos. Toda a sinaliza\u00e7\u00e3o foi executada, mas a parte que se refere ao corredor exclusivo parece ter sido &#8216;deixada de lado&#8217;.<\/p>\n\n\n\n<p>Nos outros corredores de Blumenau, al\u00e9m da sinaliza\u00e7\u00e3o vertical (as placas), tamb\u00e9m existe a sinaliza\u00e7\u00e3o horizontal (a pintura &#8216;no ch\u00e3o&#8217;) indicando &#8216;\u00f4nibus&#8217;. Na Rua Itaja\u00ed, por exemplo, seriam necess\u00e1rias cerca de seis destas pinturas &#8211; a meu ver -, principalmente no in\u00edcio do corredor e nas imedia\u00e7\u00f5es da Ponte dos Arcos e do Hospital Santo Ant\u00f4nio.<\/p>\n\n\n\n<p>Estas imagens foram enviadas \u00e0 Prefeitura de Blumenau. Esperamos &#8216;voltar aqui&#8217; em breve com alguma resposta ou solu\u00e7\u00e3o para esta demanda.<\/p>\n","protected":false},"excerpt":{"rendered":"<p>H\u00e1 algum tempo aderi ao ciclismo como forma de melhorar a sa\u00fade f\u00edsica e mental. Um dos trechos que mais utilizo &#8211; especialmente aos finais de semana &#8211; \u00e9 a Rua Itaja\u00ed no trajeto entre Bela Vista e Centro (claro, \u00e9 pra isso que esta via serve). Al\u00e9m deste trecho, tamb\u00e9m costumo utilizar os corredores&#8230;<\/p>\n","protected":false},"author":1,"featured_media":12079,"comment_status":"open","ping_status":"open","sticky":false,"template":"","format":"standard","meta":{"_kad_post_transparent":"","_kad_post_title":"","_kad_post_layout":"","_kad_post_sidebar_id":"","_kad_post_content_style":"","_kad_post_vertical_padding":"","_kad_post_feature":"","_kad_post_feature_position":"","_kad_post_header":false,"_kad_post_footer":false,"_kad_post_classname":"","footnotes":""},"categories":[70],"tags":[],"class_list":["post-12076","post","type-post","status-publish","format-standard","has-post-thumbnail","hentry","category-blumenau"],"yoast_head":"<!-- This site is optimized with the Yoast SEO plugin v27.4 - https:\/\/yoast.com\/product\/yoast-seo-wordpress\/ -->\n<title>Sinaliza\u00e7\u00e3o prec\u00e1ria no corredor de \u00f4nibus da Rua Itaja\u00ed - Mundo \u00d4nibus<\/title>\n<meta name=\"robots\" content=\"index, follow, max-snippet:-1, max-image-preview:large, max-video-preview:-1\" \/>\n<link rel=\"canonical\" href=\"https:\/\/mundoonibus.com.br\/site\/sinalizacao-precaria-no-corredor-de-onibus-da-rua-itajai\/\" \/>\n<meta property=\"og:locale\" content=\"pt_BR\" \/>\n<meta property=\"og:type\" content=\"article\" \/>\n<meta property=\"og:title\" content=\"Sinaliza\u00e7\u00e3o prec\u00e1ria no corredor de \u00f4nibus da Rua Itaja\u00ed - Mundo \u00d4nibus\" \/>\n<meta property=\"og:description\" content=\"H\u00e1 algum tempo aderi ao ciclismo como forma de melhorar a sa\u00fade f\u00edsica e mental. Um dos trechos que mais utilizo &#8211; especialmente aos finais de semana &#8211; \u00e9 a Rua Itaja\u00ed no trajeto entre Bela Vista e Centro (claro, \u00e9 pra isso que esta via serve). Al\u00e9m deste trecho, tamb\u00e9m costumo utilizar os corredores...\" \/>\n<meta property=\"og:url\" content=\"https:\/\/mundoonibus.com.br\/site\/sinalizacao-precaria-no-corredor-de-onibus-da-rua-itajai\/\" \/>\n<meta property=\"og:site_name\" content=\"Mundo \u00d4nibus\" \/>\n<meta property=\"article:published_time\" content=\"2025-04-07T14:03:01+00:00\" \/>\n<meta property=\"article:modified_time\" content=\"2025-04-07T14:10:20+00:00\" \/>\n<meta property=\"og:image\" content=\"https:\/\/mundoonibus.com.br\/site\/wp-content\/uploads\/2025\/04\/Corredor-Rua-Itajai-2025-C.jpg\" \/>\n\t<meta property=\"og:image:width\" content=\"1600\" \/>\n\t<meta property=\"og:image:height\" content=\"1199\" \/>\n\t<meta property=\"og:image:type\" content=\"image\/jpeg\" \/>\n<meta name=\"author\" content=\"lucaamorim\" \/>\n<meta name=\"twitter:card\" content=\"summary_large_image\" \/>\n<meta name=\"twitter:label1\" content=\"Escrito por\" \/>\n\t<meta name=\"twitter:data1\" content=\"lucaamorim\" \/>\n\t<meta name=\"twitter:label2\" content=\"Est. tempo de leitura\" \/>\n\t<meta name=\"twitter:data2\" content=\"5 minutos\" \/>\n<script type=\"application\/ld+json\" class=\"yoast-schema-graph\">{\"@context\":\"https:\\\/\\\/schema.org\",\"@graph\":[{\"@type\":\"Article\",\"@id\":\"https:\\\/\\\/mundoonibus.com.br\\\/site\\\/sinalizacao-precaria-no-corredor-de-onibus-da-rua-itajai\\\/#article\",\"isPartOf\":{\"@id\":\"https:\\\/\\\/mundoonibus.com.br\\\/site\\\/sinalizacao-precaria-no-corredor-de-onibus-da-rua-itajai\\\/\"},\"author\":{\"name\":\"lucaamorim\",\"@id\":\"https:\\\/\\\/mundoonibus.com.br\\\/site\\\/#\\\/schema\\\/person\\\/9086a60d90ce61ac66d9357a12f8d7ae\"},\"headline\":\"Sinaliza\u00e7\u00e3o prec\u00e1ria no corredor de \u00f4nibus da Rua Itaja\u00ed\",\"datePublished\":\"2025-04-07T14:03:01+00:00\",\"dateModified\":\"2025-04-07T14:10:20+00:00\",\"mainEntityOfPage\":{\"@id\":\"https:\\\/\\\/mundoonibus.com.br\\\/site\\\/sinalizacao-precaria-no-corredor-de-onibus-da-rua-itajai\\\/\"},\"wordCount\":572,\"commentCount\":0,\"publisher\":{\"@id\":\"https:\\\/\\\/mundoonibus.com.br\\\/site\\\/#organization\"},\"image\":{\"@id\":\"https:\\\/\\\/mundoonibus.com.br\\\/site\\\/sinalizacao-precaria-no-corredor-de-onibus-da-rua-itajai\\\/#primaryimage\"},\"thumbnailUrl\":\"https:\\\/\\\/mundoonibus.com.br\\\/site\\\/wp-content\\\/uploads\\\/2025\\\/04\\\/Corredor-Rua-Itajai-2025-C.jpg\",\"articleSection\":[\"Blumenau\"],\"inLanguage\":\"pt-BR\",\"potentialAction\":[{\"@type\":\"CommentAction\",\"name\":\"Comment\",\"target\":[\"https:\\\/\\\/mundoonibus.com.br\\\/site\\\/sinalizacao-precaria-no-corredor-de-onibus-da-rua-itajai\\\/#respond\"]}]},{\"@type\":\"WebPage\",\"@id\":\"https:\\\/\\\/mundoonibus.com.br\\\/site\\\/sinalizacao-precaria-no-corredor-de-onibus-da-rua-itajai\\\/\",\"url\":\"https:\\\/\\\/mundoonibus.com.br\\\/site\\\/sinalizacao-precaria-no-corredor-de-onibus-da-rua-itajai\\\/\",\"name\":\"Sinaliza\u00e7\u00e3o prec\u00e1ria no corredor de \u00f4nibus da Rua Itaja\u00ed - Mundo \u00d4nibus\",\"isPartOf\":{\"@id\":\"https:\\\/\\\/mundoonibus.com.br\\\/site\\\/#website\"},\"primaryImageOfPage\":{\"@id\":\"https:\\\/\\\/mundoonibus.com.br\\\/site\\\/sinalizacao-precaria-no-corredor-de-onibus-da-rua-itajai\\\/#primaryimage\"},\"image\":{\"@id\":\"https:\\\/\\\/mundoonibus.com.br\\\/site\\\/sinalizacao-precaria-no-corredor-de-onibus-da-rua-itajai\\\/#primaryimage\"},\"thumbnailUrl\":\"https:\\\/\\\/mundoonibus.com.br\\\/site\\\/wp-content\\\/uploads\\\/2025\\\/04\\\/Corredor-Rua-Itajai-2025-C.jpg\",\"datePublished\":\"2025-04-07T14:03:01+00:00\",\"dateModified\":\"2025-04-07T14:10:20+00:00\",\"breadcrumb\":{\"@id\":\"https:\\\/\\\/mundoonibus.com.br\\\/site\\\/sinalizacao-precaria-no-corredor-de-onibus-da-rua-itajai\\\/#breadcrumb\"},\"inLanguage\":\"pt-BR\",\"potentialAction\":[{\"@type\":\"ReadAction\",\"target\":[\"https:\\\/\\\/mundoonibus.com.br\\\/site\\\/sinalizacao-precaria-no-corredor-de-onibus-da-rua-itajai\\\/\"]}]},{\"@type\":\"ImageObject\",\"inLanguage\":\"pt-BR\",\"@id\":\"https:\\\/\\\/mundoonibus.com.br\\\/site\\\/sinalizacao-precaria-no-corredor-de-onibus-da-rua-itajai\\\/#primaryimage\",\"url\":\"https:\\\/\\\/mundoonibus.com.br\\\/site\\\/wp-content\\\/uploads\\\/2025\\\/04\\\/Corredor-Rua-Itajai-2025-C.jpg\",\"contentUrl\":\"https:\\\/\\\/mundoonibus.com.br\\\/site\\\/wp-content\\\/uploads\\\/2025\\\/04\\\/Corredor-Rua-Itajai-2025-C.jpg\",\"width\":1600,\"height\":1199},{\"@type\":\"BreadcrumbList\",\"@id\":\"https:\\\/\\\/mundoonibus.com.br\\\/site\\\/sinalizacao-precaria-no-corredor-de-onibus-da-rua-itajai\\\/#breadcrumb\",\"itemListElement\":[{\"@type\":\"ListItem\",\"position\":1,\"name\":\"In\u00edcio\",\"item\":\"https:\\\/\\\/mundoonibus.com.br\\\/site\\\/\"},{\"@type\":\"ListItem\",\"position\":2,\"name\":\"Sinaliza\u00e7\u00e3o prec\u00e1ria no corredor de \u00f4nibus da Rua Itaja\u00ed\"}]},{\"@type\":\"WebSite\",\"@id\":\"https:\\\/\\\/mundoonibus.com.br\\\/site\\\/#website\",\"url\":\"https:\\\/\\\/mundoonibus.com.br\\\/site\\\/\",\"name\":\"Mundo \u00d4nibus\",\"description\":\"Bem-vindo a Bordo!\",\"publisher\":{\"@id\":\"https:\\\/\\\/mundoonibus.com.br\\\/site\\\/#organization\"},\"potentialAction\":[{\"@type\":\"SearchAction\",\"target\":{\"@type\":\"EntryPoint\",\"urlTemplate\":\"https:\\\/\\\/mundoonibus.com.br\\\/site\\\/?s={search_term_string}\"},\"query-input\":{\"@type\":\"PropertyValueSpecification\",\"valueRequired\":true,\"valueName\":\"search_term_string\"}}],\"inLanguage\":\"pt-BR\"},{\"@type\":\"Organization\",\"@id\":\"https:\\\/\\\/mundoonibus.com.br\\\/site\\\/#organization\",\"name\":\"Mundo \u00d4nibus\",\"url\":\"https:\\\/\\\/mundoonibus.com.br\\\/site\\\/\",\"logo\":{\"@type\":\"ImageObject\",\"inLanguage\":\"pt-BR\",\"@id\":\"https:\\\/\\\/mundoonibus.com.br\\\/site\\\/#\\\/schema\\\/logo\\\/image\\\/\",\"url\":\"https:\\\/\\\/mundoonibus.com.br\\\/site\\\/wp-content\\\/uploads\\\/2021\\\/10\\\/Logo-H.png\",\"contentUrl\":\"https:\\\/\\\/mundoonibus.com.br\\\/site\\\/wp-content\\\/uploads\\\/2021\\\/10\\\/Logo-H.png\",\"width\":740,\"height\":139,\"caption\":\"Mundo \u00d4nibus\"},\"image\":{\"@id\":\"https:\\\/\\\/mundoonibus.com.br\\\/site\\\/#\\\/schema\\\/logo\\\/image\\\/\"}},{\"@type\":\"Person\",\"@id\":\"https:\\\/\\\/mundoonibus.com.br\\\/site\\\/#\\\/schema\\\/person\\\/9086a60d90ce61ac66d9357a12f8d7ae\",\"name\":\"lucaamorim\",\"sameAs\":[\"instagram.com\\\/lucaamorim\"],\"url\":\"https:\\\/\\\/mundoonibus.com.br\\\/site\\\/author\\\/lpamorim\\\/\"}]}<\/script>\n<!-- \/ Yoast SEO plugin. -->","yoast_head_json":{"title":"Sinaliza\u00e7\u00e3o prec\u00e1ria no corredor de \u00f4nibus da Rua Itaja\u00ed - Mundo \u00d4nibus","robots":{"index":"index","follow":"follow","max-snippet":"max-snippet:-1","max-image-preview":"max-image-preview:large","max-video-preview":"max-video-preview:-1"},"canonical":"https:\/\/mundoonibus.com.br\/site\/sinalizacao-precaria-no-corredor-de-onibus-da-rua-itajai\/","og_locale":"pt_BR","og_type":"article","og_title":"Sinaliza\u00e7\u00e3o prec\u00e1ria no corredor de \u00f4nibus da Rua Itaja\u00ed - Mundo \u00d4nibus","og_description":"H\u00e1 algum tempo aderi ao ciclismo como forma de melhorar a sa\u00fade f\u00edsica e mental. Um dos trechos que mais utilizo &#8211; especialmente aos finais de semana &#8211; \u00e9 a Rua Itaja\u00ed no trajeto entre Bela Vista e Centro (claro, \u00e9 pra isso que esta via serve). Al\u00e9m deste trecho, tamb\u00e9m costumo utilizar os corredores...","og_url":"https:\/\/mundoonibus.com.br\/site\/sinalizacao-precaria-no-corredor-de-onibus-da-rua-itajai\/","og_site_name":"Mundo \u00d4nibus","article_published_time":"2025-04-07T14:03:01+00:00","article_modified_time":"2025-04-07T14:10:20+00:00","og_image":[{"width":1600,"height":1199,"url":"https:\/\/mundoonibus.com.br\/site\/wp-content\/uploads\/2025\/04\/Corredor-Rua-Itajai-2025-C.jpg","type":"image\/jpeg"}],"author":"lucaamorim","twitter_card":"summary_large_image","twitter_misc":{"Escrito por":"lucaamorim","Est. tempo de leitura":"5 minutos"},"schema":{"@context":"https:\/\/schema.org","@graph":[{"@type":"Article","@id":"https:\/\/mundoonibus.com.br\/site\/sinalizacao-precaria-no-corredor-de-onibus-da-rua-itajai\/#article","isPartOf":{"@id":"https:\/\/mundoonibus.com.br\/site\/sinalizacao-precaria-no-corredor-de-onibus-da-rua-itajai\/"},"author":{"name":"lucaamorim","@id":"https:\/\/mundoonibus.com.br\/site\/#\/schema\/person\/9086a60d90ce61ac66d9357a12f8d7ae"},"headline":"Sinaliza\u00e7\u00e3o prec\u00e1ria no corredor de \u00f4nibus da Rua Itaja\u00ed","datePublished":"2025-04-07T14:03:01+00:00","dateModified":"2025-04-07T14:10:20+00:00","mainEntityOfPage":{"@id":"https:\/\/mundoonibus.com.br\/site\/sinalizacao-precaria-no-corredor-de-onibus-da-rua-itajai\/"},"wordCount":572,"commentCount":0,"publisher":{"@id":"https:\/\/mundoonibus.com.br\/site\/#organization"},"image":{"@id":"https:\/\/mundoonibus.com.br\/site\/sinalizacao-precaria-no-corredor-de-onibus-da-rua-itajai\/#primaryimage"},"thumbnailUrl":"https:\/\/mundoonibus.com.br\/site\/wp-content\/uploads\/2025\/04\/Corredor-Rua-Itajai-2025-C.jpg","articleSection":["Blumenau"],"inLanguage":"pt-BR","potentialAction":[{"@type":"CommentAction","name":"Comment","target":["https:\/\/mundoonibus.com.br\/site\/sinalizacao-precaria-no-corredor-de-onibus-da-rua-itajai\/#respond"]}]},{"@type":"WebPage","@id":"https:\/\/mundoonibus.com.br\/site\/sinalizacao-precaria-no-corredor-de-onibus-da-rua-itajai\/","url":"https:\/\/mundoonibus.com.br\/site\/sinalizacao-precaria-no-corredor-de-onibus-da-rua-itajai\/","name":"Sinaliza\u00e7\u00e3o prec\u00e1ria no corredor de \u00f4nibus da Rua Itaja\u00ed - Mundo \u00d4nibus","isPartOf":{"@id":"https:\/\/mundoonibus.com.br\/site\/#website"},"primaryImageOfPage":{"@id":"https:\/\/mundoonibus.com.br\/site\/sinalizacao-precaria-no-corredor-de-onibus-da-rua-itajai\/#primaryimage"},"image":{"@id":"https:\/\/mundoonibus.com.br\/site\/sinalizacao-precaria-no-corredor-de-onibus-da-rua-itajai\/#primaryimage"},"thumbnailUrl":"https:\/\/mundoonibus.com.br\/site\/wp-content\/uploads\/2025\/04\/Corredor-Rua-Itajai-2025-C.jpg","datePublished":"2025-04-07T14:03:01+00:00","dateModified":"2025-04-07T14:10:20+00:00","breadcrumb":{"@id":"https:\/\/mundoonibus.com.br\/site\/sinalizacao-precaria-no-corredor-de-onibus-da-rua-itajai\/#breadcrumb"},"inLanguage":"pt-BR","potentialAction":[{"@type":"ReadAction","target":["https:\/\/mundoonibus.com.br\/site\/sinalizacao-precaria-no-corredor-de-onibus-da-rua-itajai\/"]}]},{"@type":"ImageObject","inLanguage":"pt-BR","@id":"https:\/\/mundoonibus.com.br\/site\/sinalizacao-precaria-no-corredor-de-onibus-da-rua-itajai\/#primaryimage","url":"https:\/\/mundoonibus.com.br\/site\/wp-content\/uploads\/2025\/04\/Corredor-Rua-Itajai-2025-C.jpg","contentUrl":"https:\/\/mundoonibus.com.br\/site\/wp-content\/uploads\/2025\/04\/Corredor-Rua-Itajai-2025-C.jpg","width":1600,"height":1199},{"@type":"BreadcrumbList","@id":"https:\/\/mundoonibus.com.br\/site\/sinalizacao-precaria-no-corredor-de-onibus-da-rua-itajai\/#breadcrumb","itemListElement":[{"@type":"ListItem","position":1,"name":"In\u00edcio","item":"https:\/\/mundoonibus.com.br\/site\/"},{"@type":"ListItem","position":2,"name":"Sinaliza\u00e7\u00e3o prec\u00e1ria no corredor de \u00f4nibus da Rua Itaja\u00ed"}]},{"@type":"WebSite","@id":"https:\/\/mundoonibus.com.br\/site\/#website","url":"https:\/\/mundoonibus.com.br\/site\/","name":"Mundo \u00d4nibus","description":"Bem-vindo a Bordo!","publisher":{"@id":"https:\/\/mundoonibus.com.br\/site\/#organization"},"potentialAction":[{"@type":"SearchAction","target":{"@type":"EntryPoint","urlTemplate":"https:\/\/mundoonibus.com.br\/site\/?s={search_term_string}"},"query-input":{"@type":"PropertyValueSpecification","valueRequired":true,"valueName":"search_term_string"}}],"inLanguage":"pt-BR"},{"@type":"Organization","@id":"https:\/\/mundoonibus.com.br\/site\/#organization","name":"Mundo \u00d4nibus","url":"https:\/\/mundoonibus.com.br\/site\/","logo":{"@type":"ImageObject","inLanguage":"pt-BR","@id":"https:\/\/mundoonibus.com.br\/site\/#\/schema\/logo\/image\/","url":"https:\/\/mundoonibus.com.br\/site\/wp-content\/uploads\/2021\/10\/Logo-H.png","contentUrl":"https:\/\/mundoonibus.com.br\/site\/wp-content\/uploads\/2021\/10\/Logo-H.png","width":740,"height":139,"caption":"Mundo \u00d4nibus"},"image":{"@id":"https:\/\/mundoonibus.com.br\/site\/#\/schema\/logo\/image\/"}},{"@type":"Person","@id":"https:\/\/mundoonibus.com.br\/site\/#\/schema\/person\/9086a60d90ce61ac66d9357a12f8d7ae","name":"lucaamorim","sameAs":["instagram.com\/lucaamorim"],"url":"https:\/\/mundoonibus.com.br\/site\/author\/lpamorim\/"}]}},"_links":{"self":[{"href":"https:\/\/mundoonibus.com.br\/site\/wp-json\/wp\/v2\/posts\/12076","targetHints":{"allow":["GET"]}}],"collection":[{"href":"https:\/\/mundoonibus.com.br\/site\/wp-json\/wp\/v2\/posts"}],"about":[{"href":"https:\/\/mundoonibus.com.br\/site\/wp-json\/wp\/v2\/types\/post"}],"author":[{"embeddable":true,"href":"https:\/\/mundoonibus.com.br\/site\/wp-json\/wp\/v2\/users\/1"}],"replies":[{"embeddable":true,"href":"https:\/\/mundoonibus.com.br\/site\/wp-json\/wp\/v2\/comments?post=12076"}],"version-history":[{"count":3,"href":"https:\/\/mundoonibus.com.br\/site\/wp-json\/wp\/v2\/posts\/12076\/revisions"}],"predecessor-version":[{"id":12086,"href":"https:\/\/mundoonibus.com.br\/site\/wp-json\/wp\/v2\/posts\/12076\/revisions\/12086"}],"wp:featuredmedia":[{"embeddable":true,"href":"https:\/\/mundoonibus.com.br\/site\/wp-json\/wp\/v2\/media\/12079"}],"wp:attachment":[{"href":"https:\/\/mundoonibus.com.br\/site\/wp-json\/wp\/v2\/media?parent=12076"}],"wp:term":[{"taxonomy":"category","embeddable":true,"href":"https:\/\/mundoonibus.com.br\/site\/wp-json\/wp\/v2\/categories?post=12076"},{"taxonomy":"post_tag","embeddable":true,"href":"https:\/\/mundoonibus.com.br\/site\/wp-json\/wp\/v2\/tags?post=12076"}],"curies":[{"name":"wp","href":"https:\/\/api.w.org\/{rel}","templated":true}]}}