{"id":1436,"date":"2020-04-01T22:45:22","date_gmt":"2020-04-02T01:45:22","guid":{"rendered":"https:\/\/mundoonibus.com.br\/site\/?p=1436"},"modified":"2024-08-22T11:45:32","modified_gmt":"2024-08-22T14:45:32","slug":"gaspar-fica-sem-transporte-coletivo","status":"publish","type":"post","link":"https:\/\/mundoonibus.com.br\/site\/gaspar-fica-sem-transporte-coletivo\/","title":{"rendered":"Coletivo Caturani anuncia demiss\u00e3o em massa"},"content":{"rendered":"\n<p class=\"has-text-align-left\">Em reuni\u00e3o com seus funcion\u00e1rios nesta manh\u00e3 a administra\u00e7\u00e3o da <strong><a href=\"https:\/\/mundoonibus.com.br\/site\/portfolio\/caturani\/\" target=\"_blank\" rel=\"noreferrer noopener\">Coletivo Caturani<\/a><\/strong> anunciou a <strong>demiss\u00e3o de todos os seus colaboradores<\/strong>. A empresa \u00e9 respons\u00e1vel pela opera\u00e7\u00e3o do transporte coletivo em Gaspar desde outubro de 2016.<\/p>\n\n\n\n<p class=\"has-text-align-left\">Conforme nota oficial disponibilizada pela empresa, as rescis\u00f5es contratuais foram efetuadas de forma a garantir que seus funcion\u00e1rios tenham acesso \u00e3s verbas rescis\u00f3rias e ao seguro desemprego.<\/p>\n\n\n\n<p class=\"has-text-align-left\">Os motivos desta atitude s\u00e3o relacionados a pandemia de <strong>coronavirus<\/strong>, ocasionando o fechamento das escolas, do com\u00e9rcio em geral e de empresas prestadoras de servi\u00e7os n\u00e3o essenciais. <strong>O servi\u00e7o de transporte coletivo est\u00e1 suspenso desde o dia 18 de mar\u00e7o<\/strong>.<\/p>\n\n\n\n<p class=\"has-text-align-left\">A empresa encontrou-se sem dinheiro em caixa para honrar seus compromissos com funcion\u00e1rios e demais credores.<\/p>\n\n\n\n<h5 class=\"wp-block-heading has-text-align-left\">E agora?<\/h5>\n\n\n\n<p class=\"has-text-align-left\">Desde 2016 operando sob <strong>contrato emergencial<\/strong>, a empresa se disponibilizou a continuar oferecendo os servi\u00e7os ap\u00f3s o t\u00e9rmino ou estabiliza\u00e7\u00e3o da pandemia.<\/p>\n\n\n\n<p class=\"has-text-align-left\">Conforme a nota disponibilizada pela empresa, a <strong>Prefeitura de Gaspar<\/strong> precisaria <strong>aumentar o valor das passagens<\/strong> ou <strong>disponibilizar subs\u00eddios financeiros<\/strong> para cobrir os custos do servi\u00e7o. Segundo a Caturani,<strong> as receitas atuais n\u00e3o cobrem os custos da opera\u00e7\u00e3o<\/strong>.<\/p>\n\n\n\n<p class=\"has-text-align-left\">O contrato emergencial est\u00e1 vencido e as partes &#8211; Prefeitura de Gaspar e Coletivo Caturani &#8211; n\u00e3o chegaram a nenhum acordo sobre a continuidade dos servi\u00e7os.<\/p>\n","protected":false},"excerpt":{"rendered":"<p>Em reuni\u00e3o com seus funcion\u00e1rios nesta manh\u00e3 a administra\u00e7\u00e3o da Coletivo Caturani anunciou a demiss\u00e3o de todos os seus colaboradores. A empresa \u00e9 respons\u00e1vel pela opera\u00e7\u00e3o do transporte coletivo em Gaspar desde outubro de 2016. Conforme nota oficial disponibilizada pela empresa, as rescis\u00f5es contratuais foram efetuadas de forma a garantir que seus funcion\u00e1rios tenham acesso&#8230;<\/p>\n","protected":false},"author":1,"featured_media":3869,"comment_status":"open","ping_status":"open","sticky":false,"template":"","format":"standard","meta":{"_kad_post_transparent":"","_kad_post_title":"","_kad_post_layout":"","_kad_post_sidebar_id":"","_kad_post_content_style":"","_kad_post_vertical_padding":"","_kad_post_feature":"","_kad_post_feature_position":"","_kad_post_header":false,"_kad_post_footer":false,"_kad_post_classname":"","footnotes":""},"categories":[69],"tags":[],"class_list":["post-1436","post","type-post","status-publish","format-standard","has-post-thumbnail","hentry","category-gaspar"],"yoast_head":"<!-- This site is optimized with the Yoast SEO plugin v27.5 - https:\/\/yoast.com\/product\/yoast-seo-wordpress\/ -->\n<title>Coletivo Caturani anuncia demiss\u00e3o em massa - Mundo \u00d4nibus<\/title>\n<meta name=\"robots\" content=\"index, follow, max-snippet:-1, max-image-preview:large, max-video-preview:-1\" \/>\n<link rel=\"canonical\" href=\"https:\/\/mundoonibus.com.br\/site\/gaspar-fica-sem-transporte-coletivo\/\" \/>\n<meta property=\"og:locale\" content=\"pt_BR\" \/>\n<meta property=\"og:type\" content=\"article\" \/>\n<meta property=\"og:title\" content=\"Coletivo Caturani anuncia demiss\u00e3o em massa - Mundo \u00d4nibus\" \/>\n<meta property=\"og:description\" content=\"Em reuni\u00e3o com seus funcion\u00e1rios nesta manh\u00e3 a administra\u00e7\u00e3o da Coletivo Caturani anunciou a demiss\u00e3o de todos os seus colaboradores. A empresa \u00e9 respons\u00e1vel pela opera\u00e7\u00e3o do transporte coletivo em Gaspar desde outubro de 2016. Conforme nota oficial disponibilizada pela empresa, as rescis\u00f5es contratuais foram efetuadas de forma a garantir que seus funcion\u00e1rios tenham acesso...\" \/>\n<meta property=\"og:url\" content=\"https:\/\/mundoonibus.com.br\/site\/gaspar-fica-sem-transporte-coletivo\/\" \/>\n<meta property=\"og:site_name\" content=\"Mundo \u00d4nibus\" \/>\n<meta property=\"article:published_time\" content=\"2020-04-02T01:45:22+00:00\" \/>\n<meta property=\"article:modified_time\" content=\"2024-08-22T14:45:32+00:00\" \/>\n<meta property=\"og:image\" content=\"https:\/\/mundoonibus.com.br\/site\/wp-content\/uploads\/2020\/04\/Caturani-5142.jpg\" \/>\n\t<meta property=\"og:image:width\" content=\"1600\" \/>\n\t<meta property=\"og:image:height\" content=\"1200\" \/>\n\t<meta property=\"og:image:type\" content=\"image\/jpeg\" \/>\n<meta name=\"author\" content=\"lucaamorim\" \/>\n<meta name=\"twitter:card\" content=\"summary_large_image\" \/>\n<meta name=\"twitter:label1\" content=\"Escrito por\" \/>\n\t<meta name=\"twitter:data1\" content=\"lucaamorim\" \/>\n\t<meta name=\"twitter:label2\" content=\"Est. tempo de leitura\" \/>\n\t<meta name=\"twitter:data2\" content=\"2 minutos\" \/>\n<script type=\"application\/ld+json\" class=\"yoast-schema-graph\">{\"@context\":\"https:\\\/\\\/schema.org\",\"@graph\":[{\"@type\":\"Article\",\"@id\":\"https:\\\/\\\/mundoonibus.com.br\\\/site\\\/gaspar-fica-sem-transporte-coletivo\\\/#article\",\"isPartOf\":{\"@id\":\"https:\\\/\\\/mundoonibus.com.br\\\/site\\\/gaspar-fica-sem-transporte-coletivo\\\/\"},\"author\":{\"name\":\"lucaamorim\",\"@id\":\"https:\\\/\\\/mundoonibus.com.br\\\/site\\\/#\\\/schema\\\/person\\\/9086a60d90ce61ac66d9357a12f8d7ae\"},\"headline\":\"Coletivo Caturani anuncia demiss\u00e3o em massa\",\"datePublished\":\"2020-04-02T01:45:22+00:00\",\"dateModified\":\"2024-08-22T14:45:32+00:00\",\"mainEntityOfPage\":{\"@id\":\"https:\\\/\\\/mundoonibus.com.br\\\/site\\\/gaspar-fica-sem-transporte-coletivo\\\/\"},\"wordCount\":235,\"commentCount\":0,\"publisher\":{\"@id\":\"https:\\\/\\\/mundoonibus.com.br\\\/site\\\/#organization\"},\"image\":{\"@id\":\"https:\\\/\\\/mundoonibus.com.br\\\/site\\\/gaspar-fica-sem-transporte-coletivo\\\/#primaryimage\"},\"thumbnailUrl\":\"https:\\\/\\\/mundoonibus.com.br\\\/site\\\/wp-content\\\/uploads\\\/2020\\\/04\\\/Caturani-5142.jpg\",\"articleSection\":[\"Gaspar\"],\"inLanguage\":\"pt-BR\",\"potentialAction\":[{\"@type\":\"CommentAction\",\"name\":\"Comment\",\"target\":[\"https:\\\/\\\/mundoonibus.com.br\\\/site\\\/gaspar-fica-sem-transporte-coletivo\\\/#respond\"]}]},{\"@type\":\"WebPage\",\"@id\":\"https:\\\/\\\/mundoonibus.com.br\\\/site\\\/gaspar-fica-sem-transporte-coletivo\\\/\",\"url\":\"https:\\\/\\\/mundoonibus.com.br\\\/site\\\/gaspar-fica-sem-transporte-coletivo\\\/\",\"name\":\"Coletivo Caturani anuncia demiss\u00e3o em massa - Mundo \u00d4nibus\",\"isPartOf\":{\"@id\":\"https:\\\/\\\/mundoonibus.com.br\\\/site\\\/#website\"},\"primaryImageOfPage\":{\"@id\":\"https:\\\/\\\/mundoonibus.com.br\\\/site\\\/gaspar-fica-sem-transporte-coletivo\\\/#primaryimage\"},\"image\":{\"@id\":\"https:\\\/\\\/mundoonibus.com.br\\\/site\\\/gaspar-fica-sem-transporte-coletivo\\\/#primaryimage\"},\"thumbnailUrl\":\"https:\\\/\\\/mundoonibus.com.br\\\/site\\\/wp-content\\\/uploads\\\/2020\\\/04\\\/Caturani-5142.jpg\",\"datePublished\":\"2020-04-02T01:45:22+00:00\",\"dateModified\":\"2024-08-22T14:45:32+00:00\",\"breadcrumb\":{\"@id\":\"https:\\\/\\\/mundoonibus.com.br\\\/site\\\/gaspar-fica-sem-transporte-coletivo\\\/#breadcrumb\"},\"inLanguage\":\"pt-BR\",\"potentialAction\":[{\"@type\":\"ReadAction\",\"target\":[\"https:\\\/\\\/mundoonibus.com.br\\\/site\\\/gaspar-fica-sem-transporte-coletivo\\\/\"]}]},{\"@type\":\"ImageObject\",\"inLanguage\":\"pt-BR\",\"@id\":\"https:\\\/\\\/mundoonibus.com.br\\\/site\\\/gaspar-fica-sem-transporte-coletivo\\\/#primaryimage\",\"url\":\"https:\\\/\\\/mundoonibus.com.br\\\/site\\\/wp-content\\\/uploads\\\/2020\\\/04\\\/Caturani-5142.jpg\",\"contentUrl\":\"https:\\\/\\\/mundoonibus.com.br\\\/site\\\/wp-content\\\/uploads\\\/2020\\\/04\\\/Caturani-5142.jpg\",\"width\":1600,\"height\":1200},{\"@type\":\"BreadcrumbList\",\"@id\":\"https:\\\/\\\/mundoonibus.com.br\\\/site\\\/gaspar-fica-sem-transporte-coletivo\\\/#breadcrumb\",\"itemListElement\":[{\"@type\":\"ListItem\",\"position\":1,\"name\":\"In\u00edcio\",\"item\":\"https:\\\/\\\/mundoonibus.com.br\\\/site\\\/\"},{\"@type\":\"ListItem\",\"position\":2,\"name\":\"Coletivo Caturani anuncia demiss\u00e3o em massa\"}]},{\"@type\":\"WebSite\",\"@id\":\"https:\\\/\\\/mundoonibus.com.br\\\/site\\\/#website\",\"url\":\"https:\\\/\\\/mundoonibus.com.br\\\/site\\\/\",\"name\":\"Mundo \u00d4nibus\",\"description\":\"Bem-vindo a Bordo!\",\"publisher\":{\"@id\":\"https:\\\/\\\/mundoonibus.com.br\\\/site\\\/#organization\"},\"potentialAction\":[{\"@type\":\"SearchAction\",\"target\":{\"@type\":\"EntryPoint\",\"urlTemplate\":\"https:\\\/\\\/mundoonibus.com.br\\\/site\\\/?s={search_term_string}\"},\"query-input\":{\"@type\":\"PropertyValueSpecification\",\"valueRequired\":true,\"valueName\":\"search_term_string\"}}],\"inLanguage\":\"pt-BR\"},{\"@type\":\"Organization\",\"@id\":\"https:\\\/\\\/mundoonibus.com.br\\\/site\\\/#organization\",\"name\":\"Mundo \u00d4nibus\",\"url\":\"https:\\\/\\\/mundoonibus.com.br\\\/site\\\/\",\"logo\":{\"@type\":\"ImageObject\",\"inLanguage\":\"pt-BR\",\"@id\":\"https:\\\/\\\/mundoonibus.com.br\\\/site\\\/#\\\/schema\\\/logo\\\/image\\\/\",\"url\":\"https:\\\/\\\/mundoonibus.com.br\\\/site\\\/wp-content\\\/uploads\\\/2021\\\/10\\\/Logo-H.png\",\"contentUrl\":\"https:\\\/\\\/mundoonibus.com.br\\\/site\\\/wp-content\\\/uploads\\\/2021\\\/10\\\/Logo-H.png\",\"width\":740,\"height\":139,\"caption\":\"Mundo \u00d4nibus\"},\"image\":{\"@id\":\"https:\\\/\\\/mundoonibus.com.br\\\/site\\\/#\\\/schema\\\/logo\\\/image\\\/\"}},{\"@type\":\"Person\",\"@id\":\"https:\\\/\\\/mundoonibus.com.br\\\/site\\\/#\\\/schema\\\/person\\\/9086a60d90ce61ac66d9357a12f8d7ae\",\"name\":\"lucaamorim\",\"sameAs\":[\"instagram.com\\\/lucaamorim\"],\"url\":\"https:\\\/\\\/mundoonibus.com.br\\\/site\\\/author\\\/lpamorim\\\/\"}]}<\/script>\n<!-- \/ Yoast SEO plugin. -->","yoast_head_json":{"title":"Coletivo Caturani anuncia demiss\u00e3o em massa - Mundo \u00d4nibus","robots":{"index":"index","follow":"follow","max-snippet":"max-snippet:-1","max-image-preview":"max-image-preview:large","max-video-preview":"max-video-preview:-1"},"canonical":"https:\/\/mundoonibus.com.br\/site\/gaspar-fica-sem-transporte-coletivo\/","og_locale":"pt_BR","og_type":"article","og_title":"Coletivo Caturani anuncia demiss\u00e3o em massa - Mundo \u00d4nibus","og_description":"Em reuni\u00e3o com seus funcion\u00e1rios nesta manh\u00e3 a administra\u00e7\u00e3o da Coletivo Caturani anunciou a demiss\u00e3o de todos os seus colaboradores. A empresa \u00e9 respons\u00e1vel pela opera\u00e7\u00e3o do transporte coletivo em Gaspar desde outubro de 2016. Conforme nota oficial disponibilizada pela empresa, as rescis\u00f5es contratuais foram efetuadas de forma a garantir que seus funcion\u00e1rios tenham acesso...","og_url":"https:\/\/mundoonibus.com.br\/site\/gaspar-fica-sem-transporte-coletivo\/","og_site_name":"Mundo \u00d4nibus","article_published_time":"2020-04-02T01:45:22+00:00","article_modified_time":"2024-08-22T14:45:32+00:00","og_image":[{"width":1600,"height":1200,"url":"https:\/\/mundoonibus.com.br\/site\/wp-content\/uploads\/2020\/04\/Caturani-5142.jpg","type":"image\/jpeg"}],"author":"lucaamorim","twitter_card":"summary_large_image","twitter_misc":{"Escrito por":"lucaamorim","Est. tempo de leitura":"2 minutos"},"schema":{"@context":"https:\/\/schema.org","@graph":[{"@type":"Article","@id":"https:\/\/mundoonibus.com.br\/site\/gaspar-fica-sem-transporte-coletivo\/#article","isPartOf":{"@id":"https:\/\/mundoonibus.com.br\/site\/gaspar-fica-sem-transporte-coletivo\/"},"author":{"name":"lucaamorim","@id":"https:\/\/mundoonibus.com.br\/site\/#\/schema\/person\/9086a60d90ce61ac66d9357a12f8d7ae"},"headline":"Coletivo Caturani anuncia demiss\u00e3o em massa","datePublished":"2020-04-02T01:45:22+00:00","dateModified":"2024-08-22T14:45:32+00:00","mainEntityOfPage":{"@id":"https:\/\/mundoonibus.com.br\/site\/gaspar-fica-sem-transporte-coletivo\/"},"wordCount":235,"commentCount":0,"publisher":{"@id":"https:\/\/mundoonibus.com.br\/site\/#organization"},"image":{"@id":"https:\/\/mundoonibus.com.br\/site\/gaspar-fica-sem-transporte-coletivo\/#primaryimage"},"thumbnailUrl":"https:\/\/mundoonibus.com.br\/site\/wp-content\/uploads\/2020\/04\/Caturani-5142.jpg","articleSection":["Gaspar"],"inLanguage":"pt-BR","potentialAction":[{"@type":"CommentAction","name":"Comment","target":["https:\/\/mundoonibus.com.br\/site\/gaspar-fica-sem-transporte-coletivo\/#respond"]}]},{"@type":"WebPage","@id":"https:\/\/mundoonibus.com.br\/site\/gaspar-fica-sem-transporte-coletivo\/","url":"https:\/\/mundoonibus.com.br\/site\/gaspar-fica-sem-transporte-coletivo\/","name":"Coletivo Caturani anuncia demiss\u00e3o em massa - Mundo \u00d4nibus","isPartOf":{"@id":"https:\/\/mundoonibus.com.br\/site\/#website"},"primaryImageOfPage":{"@id":"https:\/\/mundoonibus.com.br\/site\/gaspar-fica-sem-transporte-coletivo\/#primaryimage"},"image":{"@id":"https:\/\/mundoonibus.com.br\/site\/gaspar-fica-sem-transporte-coletivo\/#primaryimage"},"thumbnailUrl":"https:\/\/mundoonibus.com.br\/site\/wp-content\/uploads\/2020\/04\/Caturani-5142.jpg","datePublished":"2020-04-02T01:45:22+00:00","dateModified":"2024-08-22T14:45:32+00:00","breadcrumb":{"@id":"https:\/\/mundoonibus.com.br\/site\/gaspar-fica-sem-transporte-coletivo\/#breadcrumb"},"inLanguage":"pt-BR","potentialAction":[{"@type":"ReadAction","target":["https:\/\/mundoonibus.com.br\/site\/gaspar-fica-sem-transporte-coletivo\/"]}]},{"@type":"ImageObject","inLanguage":"pt-BR","@id":"https:\/\/mundoonibus.com.br\/site\/gaspar-fica-sem-transporte-coletivo\/#primaryimage","url":"https:\/\/mundoonibus.com.br\/site\/wp-content\/uploads\/2020\/04\/Caturani-5142.jpg","contentUrl":"https:\/\/mundoonibus.com.br\/site\/wp-content\/uploads\/2020\/04\/Caturani-5142.jpg","width":1600,"height":1200},{"@type":"BreadcrumbList","@id":"https:\/\/mundoonibus.com.br\/site\/gaspar-fica-sem-transporte-coletivo\/#breadcrumb","itemListElement":[{"@type":"ListItem","position":1,"name":"In\u00edcio","item":"https:\/\/mundoonibus.com.br\/site\/"},{"@type":"ListItem","position":2,"name":"Coletivo Caturani anuncia demiss\u00e3o em massa"}]},{"@type":"WebSite","@id":"https:\/\/mundoonibus.com.br\/site\/#website","url":"https:\/\/mundoonibus.com.br\/site\/","name":"Mundo \u00d4nibus","description":"Bem-vindo a Bordo!","publisher":{"@id":"https:\/\/mundoonibus.com.br\/site\/#organization"},"potentialAction":[{"@type":"SearchAction","target":{"@type":"EntryPoint","urlTemplate":"https:\/\/mundoonibus.com.br\/site\/?s={search_term_string}"},"query-input":{"@type":"PropertyValueSpecification","valueRequired":true,"valueName":"search_term_string"}}],"inLanguage":"pt-BR"},{"@type":"Organization","@id":"https:\/\/mundoonibus.com.br\/site\/#organization","name":"Mundo \u00d4nibus","url":"https:\/\/mundoonibus.com.br\/site\/","logo":{"@type":"ImageObject","inLanguage":"pt-BR","@id":"https:\/\/mundoonibus.com.br\/site\/#\/schema\/logo\/image\/","url":"https:\/\/mundoonibus.com.br\/site\/wp-content\/uploads\/2021\/10\/Logo-H.png","contentUrl":"https:\/\/mundoonibus.com.br\/site\/wp-content\/uploads\/2021\/10\/Logo-H.png","width":740,"height":139,"caption":"Mundo \u00d4nibus"},"image":{"@id":"https:\/\/mundoonibus.com.br\/site\/#\/schema\/logo\/image\/"}},{"@type":"Person","@id":"https:\/\/mundoonibus.com.br\/site\/#\/schema\/person\/9086a60d90ce61ac66d9357a12f8d7ae","name":"lucaamorim","sameAs":["instagram.com\/lucaamorim"],"url":"https:\/\/mundoonibus.com.br\/site\/author\/lpamorim\/"}]}},"_links":{"self":[{"href":"https:\/\/mundoonibus.com.br\/site\/wp-json\/wp\/v2\/posts\/1436","targetHints":{"allow":["GET"]}}],"collection":[{"href":"https:\/\/mundoonibus.com.br\/site\/wp-json\/wp\/v2\/posts"}],"about":[{"href":"https:\/\/mundoonibus.com.br\/site\/wp-json\/wp\/v2\/types\/post"}],"author":[{"embeddable":true,"href":"https:\/\/mundoonibus.com.br\/site\/wp-json\/wp\/v2\/users\/1"}],"replies":[{"embeddable":true,"href":"https:\/\/mundoonibus.com.br\/site\/wp-json\/wp\/v2\/comments?post=1436"}],"version-history":[{"count":23,"href":"https:\/\/mundoonibus.com.br\/site\/wp-json\/wp\/v2\/posts\/1436\/revisions"}],"predecessor-version":[{"id":10252,"href":"https:\/\/mundoonibus.com.br\/site\/wp-json\/wp\/v2\/posts\/1436\/revisions\/10252"}],"wp:featuredmedia":[{"embeddable":true,"href":"https:\/\/mundoonibus.com.br\/site\/wp-json\/wp\/v2\/media\/3869"}],"wp:attachment":[{"href":"https:\/\/mundoonibus.com.br\/site\/wp-json\/wp\/v2\/media?parent=1436"}],"wp:term":[{"taxonomy":"category","embeddable":true,"href":"https:\/\/mundoonibus.com.br\/site\/wp-json\/wp\/v2\/categories?post=1436"},{"taxonomy":"post_tag","embeddable":true,"href":"https:\/\/mundoonibus.com.br\/site\/wp-json\/wp\/v2\/tags?post=1436"}],"curies":[{"name":"wp","href":"https:\/\/api.w.org\/{rel}","templated":true}]}}