{"id":1686,"date":"2020-06-07T23:45:41","date_gmt":"2020-06-08T02:45:41","guid":{"rendered":"https:\/\/mundoonibus.com.br\/site\/?p=1686"},"modified":"2024-08-22T11:50:46","modified_gmt":"2024-08-22T14:50:46","slug":"impactos-sc","status":"publish","type":"post","link":"https:\/\/mundoonibus.com.br\/site\/impactos-sc\/","title":{"rendered":"Impactos da COVID-19 no transporte coletivo"},"content":{"rendered":"\n<p class=\"has-text-align-left\">Nos \u00faltimos tr\u00eas meses, o funcionamento de toda a sociedade foi <strong>alterado drasticamente<\/strong> devido a pandemia de <strong>coronav\u00edrus<\/strong>. Isso n\u00e3o \u00e9 novidade pra ningu\u00e9m. Basta abrir qualquer site de not\u00edcias na internet que todas as informa\u00e7\u00f5es estar\u00e3o l\u00e1, de forma clara e &#8211; quase sempre &#8211; parcial.<\/p>\n\n\n\n<p class=\"has-text-align-left\">Como o pr\u00f3prio t\u00edtulo descreve, nessa mat\u00e9ria ser\u00e3o apresentados os <strong>impactos<\/strong> gerados para as <strong>empresas, passageiros e demais interessados<\/strong> no transporte coletivo no <strong>Vale do Itaja\u00ed<\/strong>. A <strong>circula\u00e7\u00e3o de \u00f4nibus<\/strong> urbanos, intermunicipais, interestaduais e internacionais est\u00e1 <strong>suspensa<\/strong> em Santa Catarina desde <strong>18\/03\/2020<\/strong>.<\/p>\n\n\n\n<h5 class=\"wp-block-heading has-text-align-left\">Urbanos<\/h5>\n\n\n\n<p class=\"has-text-align-left\">Em <strong>Blumenau<\/strong>, a <strong><a href=\"https:\/\/mundoonibus.com.br\/site\/portfolio\/blumob\/\" target=\"_blank\" rel=\"noreferrer noopener\">BluMob<\/a><\/strong> est\u00e1 praticamente fora de opera\u00e7\u00e3o, utilizando somente quatro \u00f4nibus da frota para executar as linhas da sa\u00fade. A previs\u00e3o \u00e9 de que o transporte coletivo retorne em 15\/06\/2020. Ainda assim, restri\u00e7\u00f5es ser\u00e3o aplicadas, tais como a testagem de todos os profissionais, lota\u00e7\u00e3o m\u00e1xima de 60% nos \u00f4nibus, entre outros.<\/p>\n\n\n\n<p class=\"has-text-align-left\">O transporte coletivo em <strong>Brusque<\/strong> &#8211; operado pelo <strong><a href=\"https:\/\/mundoonibus.com.br\/site\/portfolio\/nossobrusque\/\" target=\"_blank\" rel=\"noreferrer noopener\">Nosso Brusque<\/a><\/strong> &#8211; ser\u00e1 retomado em 08\/06\/2020 seguindo protocolos bastante claros estabelecidos pela autoridade municipal. A capacidade m\u00e1xima de cada ve\u00edculo ser\u00e1 igual ao n\u00famero de assentos, ou seja, os passageiros dever\u00e3o<strong> <\/strong>viajar sentados. Al\u00e9m disso, ser\u00e1 obrigat\u00f3rio manter seus pertences &#8211; bolsas, por exemplo &#8211; <strong>no colo<\/strong>, efetuar o pagamento atrav\u00e9s de cart\u00e3o, manter todas as janelas abertas, entre outros. As medidas adotadas na cidade s\u00e3o um pouco diferentes de outros munic\u00edpios da regi\u00e3o, mas parecem ser mais claras e objetivas. A Prefeitura de Brusque j\u00e1 tinha o retorno do transporte coletivo planejado h\u00e1 algum tempo, por isso as medidas j\u00e1 est\u00e3o melhor definidas.<\/p>\n\n\n\n<p class=\"has-text-align-left\">A <strong><a href=\"https:\/\/mundoonibus.com.br\/site\/portfolio\/caturani\/\" target=\"_blank\" rel=\"noreferrer noopener\">Coletivo Caturani<\/a><\/strong> operava o transporte urbano de <strong>Gaspar<\/strong> desde 2016, mas em meio a pandemia demitiu todos os seus funcion\u00e1rios. O contrato emergencial venceu no final de mar\u00e7o. O transporte coletivo ser\u00e1 retomado em 22\/06\/2020 e ser\u00e1 operado pela <strong><a href=\"https:\/\/mundoonibus.com.br\/site\/portfolio\/safira\/\" target=\"_blank\" rel=\"noreferrer noopener\">Coletivo Safira<\/a><\/strong>. A empresa operar\u00e1 sob contrato emergencial v\u00e1lido por 180 dias, prorrog\u00e1vel ao t\u00e9rmino desse per\u00edodo.<\/p>\n\n\n\n<p class=\"has-text-align-left\">A <strong><a href=\"https:\/\/mundoonibus.com.br\/site\/portfolio\/circular\/\" target=\"_blank\" rel=\"noreferrer noopener\">\u00d4nibus Circular<\/a><\/strong> voltar\u00e1 a atender ao transporte coletivo de <strong>Rio do Sul<\/strong> no dia 08\/06\/2020. Assim como as demais cidades, medidas sanit\u00e1rias ser\u00e3o adotadas para a seguran\u00e7a dos usu\u00e1rios e trabalhadores.<\/p>\n\n\n\n<h5 class=\"wp-block-heading has-text-align-left\">Intermunicipais<\/h5>\n\n\n\n<p class=\"has-text-align-left\">O transporte intermunicipal dever\u00e1 ser retomado em 22\/06\/2020 no <strong>M\u00e9dio Vale<\/strong>. A retomada ocorrer\u00e1 conforme decis\u00e3o conjunta da AMMVI (Associa\u00e7\u00e3o dos Munic\u00edpios do M\u00e9dio Vale do Itaja\u00ed). No <strong>Alto Vale<\/strong>, os servi\u00e7os intermunicipais ser\u00e3o retomados gradativamente a partir de 08\/06\/2020. No <strong>Litoral<\/strong>, Balne\u00e1rio Cambori\u00fa \u00e9 uma das cidades onde o servi\u00e7o intermunicipal ser\u00e1 retomado em 08\/06\/2020.<\/p>\n\n\n\n<p class=\"has-text-align-left\">Em todos os casos, medidas sanit\u00e1rias ser\u00e3o adotadas pelos munic\u00edpios para evitar a dissemina\u00e7\u00e3o do coronav\u00edrus.<\/p>\n\n\n\n<h5 class=\"wp-block-heading has-text-align-left\">Interestaduais, Internacionais e Turismo<\/h5>\n\n\n\n<p class=\"has-text-align-left\">O transporte coletivo segue suspenso pelo menos at\u00e9 02\/08\/2020 para linhas interestaduais e internacionais, bem como para fretamento e turismo.<\/p>\n\n\n\n<p class=\"has-text-align-left\">Empresas e lideran\u00e7as temem pelos preju\u00edzos financeiros para esses setores, por\u00e9m no momento se encontram sem outra solu\u00e7\u00e3o j\u00e1 que as autoridades precisam continuar o combate ao coronav\u00edrus.<\/p>\n","protected":false},"excerpt":{"rendered":"<p>Nos \u00faltimos tr\u00eas meses, o funcionamento de toda a sociedade foi alterado drasticamente devido a pandemia de coronav\u00edrus. Isso n\u00e3o \u00e9 novidade pra ningu\u00e9m. Basta abrir qualquer site de not\u00edcias na internet que todas as informa\u00e7\u00f5es estar\u00e3o l\u00e1, de forma clara e &#8211; quase sempre &#8211; parcial. Como o pr\u00f3prio t\u00edtulo descreve, nessa mat\u00e9ria ser\u00e3o&#8230;<\/p>\n","protected":false},"author":1,"featured_media":9165,"comment_status":"open","ping_status":"open","sticky":false,"template":"","format":"standard","meta":{"_kad_post_transparent":"","_kad_post_title":"","_kad_post_layout":"","_kad_post_sidebar_id":"","_kad_post_content_style":"","_kad_post_vertical_padding":"","_kad_post_feature":"","_kad_post_feature_position":"","_kad_post_header":false,"_kad_post_footer":false,"_kad_post_classname":"","footnotes":""},"categories":[68],"tags":[],"class_list":["post-1686","post","type-post","status-publish","format-standard","has-post-thumbnail","hentry","category-vale"],"yoast_head":"<!-- This site is optimized with the Yoast SEO plugin v27.5 - https:\/\/yoast.com\/product\/yoast-seo-wordpress\/ -->\n<title>Impactos da COVID-19 no transporte coletivo - Mundo \u00d4nibus<\/title>\n<meta name=\"robots\" content=\"index, follow, max-snippet:-1, max-image-preview:large, max-video-preview:-1\" \/>\n<link rel=\"canonical\" href=\"https:\/\/mundoonibus.com.br\/site\/impactos-sc\/\" \/>\n<meta property=\"og:locale\" content=\"pt_BR\" \/>\n<meta property=\"og:type\" content=\"article\" \/>\n<meta property=\"og:title\" content=\"Impactos da COVID-19 no transporte coletivo - Mundo \u00d4nibus\" \/>\n<meta property=\"og:description\" content=\"Nos \u00faltimos tr\u00eas meses, o funcionamento de toda a sociedade foi alterado drasticamente devido a pandemia de coronav\u00edrus. Isso n\u00e3o \u00e9 novidade pra ningu\u00e9m. Basta abrir qualquer site de not\u00edcias na internet que todas as informa\u00e7\u00f5es estar\u00e3o l\u00e1, de forma clara e &#8211; quase sempre &#8211; parcial. Como o pr\u00f3prio t\u00edtulo descreve, nessa mat\u00e9ria ser\u00e3o...\" \/>\n<meta property=\"og:url\" content=\"https:\/\/mundoonibus.com.br\/site\/impactos-sc\/\" \/>\n<meta property=\"og:site_name\" content=\"Mundo \u00d4nibus\" \/>\n<meta property=\"article:published_time\" content=\"2020-06-08T02:45:41+00:00\" \/>\n<meta property=\"article:modified_time\" content=\"2024-08-22T14:50:46+00:00\" \/>\n<meta property=\"og:image\" content=\"https:\/\/mundoonibus.com.br\/site\/wp-content\/uploads\/2024\/06\/BluMob-9113.jpg\" \/>\n\t<meta property=\"og:image:width\" content=\"1600\" \/>\n\t<meta property=\"og:image:height\" content=\"1199\" \/>\n\t<meta property=\"og:image:type\" content=\"image\/jpeg\" \/>\n<meta name=\"author\" content=\"lucaamorim\" \/>\n<meta name=\"twitter:card\" content=\"summary_large_image\" \/>\n<meta name=\"twitter:label1\" content=\"Escrito por\" \/>\n\t<meta name=\"twitter:data1\" content=\"lucaamorim\" \/>\n\t<meta name=\"twitter:label2\" content=\"Est. tempo de leitura\" \/>\n\t<meta name=\"twitter:data2\" content=\"3 minutos\" \/>\n<script type=\"application\/ld+json\" class=\"yoast-schema-graph\">{\"@context\":\"https:\\\/\\\/schema.org\",\"@graph\":[{\"@type\":\"Article\",\"@id\":\"https:\\\/\\\/mundoonibus.com.br\\\/site\\\/impactos-sc\\\/#article\",\"isPartOf\":{\"@id\":\"https:\\\/\\\/mundoonibus.com.br\\\/site\\\/impactos-sc\\\/\"},\"author\":{\"name\":\"lucaamorim\",\"@id\":\"https:\\\/\\\/mundoonibus.com.br\\\/site\\\/#\\\/schema\\\/person\\\/9086a60d90ce61ac66d9357a12f8d7ae\"},\"headline\":\"Impactos da COVID-19 no transporte coletivo\",\"datePublished\":\"2020-06-08T02:45:41+00:00\",\"dateModified\":\"2024-08-22T14:50:46+00:00\",\"mainEntityOfPage\":{\"@id\":\"https:\\\/\\\/mundoonibus.com.br\\\/site\\\/impactos-sc\\\/\"},\"wordCount\":521,\"commentCount\":0,\"publisher\":{\"@id\":\"https:\\\/\\\/mundoonibus.com.br\\\/site\\\/#organization\"},\"image\":{\"@id\":\"https:\\\/\\\/mundoonibus.com.br\\\/site\\\/impactos-sc\\\/#primaryimage\"},\"thumbnailUrl\":\"https:\\\/\\\/mundoonibus.com.br\\\/site\\\/wp-content\\\/uploads\\\/2024\\\/06\\\/BluMob-9113.jpg\",\"articleSection\":[\"Vale do Itaja\u00ed\"],\"inLanguage\":\"pt-BR\",\"potentialAction\":[{\"@type\":\"CommentAction\",\"name\":\"Comment\",\"target\":[\"https:\\\/\\\/mundoonibus.com.br\\\/site\\\/impactos-sc\\\/#respond\"]}]},{\"@type\":\"WebPage\",\"@id\":\"https:\\\/\\\/mundoonibus.com.br\\\/site\\\/impactos-sc\\\/\",\"url\":\"https:\\\/\\\/mundoonibus.com.br\\\/site\\\/impactos-sc\\\/\",\"name\":\"Impactos da COVID-19 no transporte coletivo - Mundo \u00d4nibus\",\"isPartOf\":{\"@id\":\"https:\\\/\\\/mundoonibus.com.br\\\/site\\\/#website\"},\"primaryImageOfPage\":{\"@id\":\"https:\\\/\\\/mundoonibus.com.br\\\/site\\\/impactos-sc\\\/#primaryimage\"},\"image\":{\"@id\":\"https:\\\/\\\/mundoonibus.com.br\\\/site\\\/impactos-sc\\\/#primaryimage\"},\"thumbnailUrl\":\"https:\\\/\\\/mundoonibus.com.br\\\/site\\\/wp-content\\\/uploads\\\/2024\\\/06\\\/BluMob-9113.jpg\",\"datePublished\":\"2020-06-08T02:45:41+00:00\",\"dateModified\":\"2024-08-22T14:50:46+00:00\",\"breadcrumb\":{\"@id\":\"https:\\\/\\\/mundoonibus.com.br\\\/site\\\/impactos-sc\\\/#breadcrumb\"},\"inLanguage\":\"pt-BR\",\"potentialAction\":[{\"@type\":\"ReadAction\",\"target\":[\"https:\\\/\\\/mundoonibus.com.br\\\/site\\\/impactos-sc\\\/\"]}]},{\"@type\":\"ImageObject\",\"inLanguage\":\"pt-BR\",\"@id\":\"https:\\\/\\\/mundoonibus.com.br\\\/site\\\/impactos-sc\\\/#primaryimage\",\"url\":\"https:\\\/\\\/mundoonibus.com.br\\\/site\\\/wp-content\\\/uploads\\\/2024\\\/06\\\/BluMob-9113.jpg\",\"contentUrl\":\"https:\\\/\\\/mundoonibus.com.br\\\/site\\\/wp-content\\\/uploads\\\/2024\\\/06\\\/BluMob-9113.jpg\",\"width\":1600,\"height\":1199},{\"@type\":\"BreadcrumbList\",\"@id\":\"https:\\\/\\\/mundoonibus.com.br\\\/site\\\/impactos-sc\\\/#breadcrumb\",\"itemListElement\":[{\"@type\":\"ListItem\",\"position\":1,\"name\":\"In\u00edcio\",\"item\":\"https:\\\/\\\/mundoonibus.com.br\\\/site\\\/\"},{\"@type\":\"ListItem\",\"position\":2,\"name\":\"Impactos da COVID-19 no transporte coletivo\"}]},{\"@type\":\"WebSite\",\"@id\":\"https:\\\/\\\/mundoonibus.com.br\\\/site\\\/#website\",\"url\":\"https:\\\/\\\/mundoonibus.com.br\\\/site\\\/\",\"name\":\"Mundo \u00d4nibus\",\"description\":\"Bem-vindo a Bordo!\",\"publisher\":{\"@id\":\"https:\\\/\\\/mundoonibus.com.br\\\/site\\\/#organization\"},\"potentialAction\":[{\"@type\":\"SearchAction\",\"target\":{\"@type\":\"EntryPoint\",\"urlTemplate\":\"https:\\\/\\\/mundoonibus.com.br\\\/site\\\/?s={search_term_string}\"},\"query-input\":{\"@type\":\"PropertyValueSpecification\",\"valueRequired\":true,\"valueName\":\"search_term_string\"}}],\"inLanguage\":\"pt-BR\"},{\"@type\":\"Organization\",\"@id\":\"https:\\\/\\\/mundoonibus.com.br\\\/site\\\/#organization\",\"name\":\"Mundo \u00d4nibus\",\"url\":\"https:\\\/\\\/mundoonibus.com.br\\\/site\\\/\",\"logo\":{\"@type\":\"ImageObject\",\"inLanguage\":\"pt-BR\",\"@id\":\"https:\\\/\\\/mundoonibus.com.br\\\/site\\\/#\\\/schema\\\/logo\\\/image\\\/\",\"url\":\"https:\\\/\\\/mundoonibus.com.br\\\/site\\\/wp-content\\\/uploads\\\/2021\\\/10\\\/Logo-H.png\",\"contentUrl\":\"https:\\\/\\\/mundoonibus.com.br\\\/site\\\/wp-content\\\/uploads\\\/2021\\\/10\\\/Logo-H.png\",\"width\":740,\"height\":139,\"caption\":\"Mundo \u00d4nibus\"},\"image\":{\"@id\":\"https:\\\/\\\/mundoonibus.com.br\\\/site\\\/#\\\/schema\\\/logo\\\/image\\\/\"}},{\"@type\":\"Person\",\"@id\":\"https:\\\/\\\/mundoonibus.com.br\\\/site\\\/#\\\/schema\\\/person\\\/9086a60d90ce61ac66d9357a12f8d7ae\",\"name\":\"lucaamorim\",\"sameAs\":[\"instagram.com\\\/lucaamorim\"],\"url\":\"https:\\\/\\\/mundoonibus.com.br\\\/site\\\/author\\\/lpamorim\\\/\"}]}<\/script>\n<!-- \/ Yoast SEO plugin. -->","yoast_head_json":{"title":"Impactos da COVID-19 no transporte coletivo - Mundo \u00d4nibus","robots":{"index":"index","follow":"follow","max-snippet":"max-snippet:-1","max-image-preview":"max-image-preview:large","max-video-preview":"max-video-preview:-1"},"canonical":"https:\/\/mundoonibus.com.br\/site\/impactos-sc\/","og_locale":"pt_BR","og_type":"article","og_title":"Impactos da COVID-19 no transporte coletivo - Mundo \u00d4nibus","og_description":"Nos \u00faltimos tr\u00eas meses, o funcionamento de toda a sociedade foi alterado drasticamente devido a pandemia de coronav\u00edrus. Isso n\u00e3o \u00e9 novidade pra ningu\u00e9m. Basta abrir qualquer site de not\u00edcias na internet que todas as informa\u00e7\u00f5es estar\u00e3o l\u00e1, de forma clara e &#8211; quase sempre &#8211; parcial. Como o pr\u00f3prio t\u00edtulo descreve, nessa mat\u00e9ria ser\u00e3o...","og_url":"https:\/\/mundoonibus.com.br\/site\/impactos-sc\/","og_site_name":"Mundo \u00d4nibus","article_published_time":"2020-06-08T02:45:41+00:00","article_modified_time":"2024-08-22T14:50:46+00:00","og_image":[{"width":1600,"height":1199,"url":"https:\/\/mundoonibus.com.br\/site\/wp-content\/uploads\/2024\/06\/BluMob-9113.jpg","type":"image\/jpeg"}],"author":"lucaamorim","twitter_card":"summary_large_image","twitter_misc":{"Escrito por":"lucaamorim","Est. tempo de leitura":"3 minutos"},"schema":{"@context":"https:\/\/schema.org","@graph":[{"@type":"Article","@id":"https:\/\/mundoonibus.com.br\/site\/impactos-sc\/#article","isPartOf":{"@id":"https:\/\/mundoonibus.com.br\/site\/impactos-sc\/"},"author":{"name":"lucaamorim","@id":"https:\/\/mundoonibus.com.br\/site\/#\/schema\/person\/9086a60d90ce61ac66d9357a12f8d7ae"},"headline":"Impactos da COVID-19 no transporte coletivo","datePublished":"2020-06-08T02:45:41+00:00","dateModified":"2024-08-22T14:50:46+00:00","mainEntityOfPage":{"@id":"https:\/\/mundoonibus.com.br\/site\/impactos-sc\/"},"wordCount":521,"commentCount":0,"publisher":{"@id":"https:\/\/mundoonibus.com.br\/site\/#organization"},"image":{"@id":"https:\/\/mundoonibus.com.br\/site\/impactos-sc\/#primaryimage"},"thumbnailUrl":"https:\/\/mundoonibus.com.br\/site\/wp-content\/uploads\/2024\/06\/BluMob-9113.jpg","articleSection":["Vale do Itaja\u00ed"],"inLanguage":"pt-BR","potentialAction":[{"@type":"CommentAction","name":"Comment","target":["https:\/\/mundoonibus.com.br\/site\/impactos-sc\/#respond"]}]},{"@type":"WebPage","@id":"https:\/\/mundoonibus.com.br\/site\/impactos-sc\/","url":"https:\/\/mundoonibus.com.br\/site\/impactos-sc\/","name":"Impactos da COVID-19 no transporte coletivo - Mundo \u00d4nibus","isPartOf":{"@id":"https:\/\/mundoonibus.com.br\/site\/#website"},"primaryImageOfPage":{"@id":"https:\/\/mundoonibus.com.br\/site\/impactos-sc\/#primaryimage"},"image":{"@id":"https:\/\/mundoonibus.com.br\/site\/impactos-sc\/#primaryimage"},"thumbnailUrl":"https:\/\/mundoonibus.com.br\/site\/wp-content\/uploads\/2024\/06\/BluMob-9113.jpg","datePublished":"2020-06-08T02:45:41+00:00","dateModified":"2024-08-22T14:50:46+00:00","breadcrumb":{"@id":"https:\/\/mundoonibus.com.br\/site\/impactos-sc\/#breadcrumb"},"inLanguage":"pt-BR","potentialAction":[{"@type":"ReadAction","target":["https:\/\/mundoonibus.com.br\/site\/impactos-sc\/"]}]},{"@type":"ImageObject","inLanguage":"pt-BR","@id":"https:\/\/mundoonibus.com.br\/site\/impactos-sc\/#primaryimage","url":"https:\/\/mundoonibus.com.br\/site\/wp-content\/uploads\/2024\/06\/BluMob-9113.jpg","contentUrl":"https:\/\/mundoonibus.com.br\/site\/wp-content\/uploads\/2024\/06\/BluMob-9113.jpg","width":1600,"height":1199},{"@type":"BreadcrumbList","@id":"https:\/\/mundoonibus.com.br\/site\/impactos-sc\/#breadcrumb","itemListElement":[{"@type":"ListItem","position":1,"name":"In\u00edcio","item":"https:\/\/mundoonibus.com.br\/site\/"},{"@type":"ListItem","position":2,"name":"Impactos da COVID-19 no transporte coletivo"}]},{"@type":"WebSite","@id":"https:\/\/mundoonibus.com.br\/site\/#website","url":"https:\/\/mundoonibus.com.br\/site\/","name":"Mundo \u00d4nibus","description":"Bem-vindo a Bordo!","publisher":{"@id":"https:\/\/mundoonibus.com.br\/site\/#organization"},"potentialAction":[{"@type":"SearchAction","target":{"@type":"EntryPoint","urlTemplate":"https:\/\/mundoonibus.com.br\/site\/?s={search_term_string}"},"query-input":{"@type":"PropertyValueSpecification","valueRequired":true,"valueName":"search_term_string"}}],"inLanguage":"pt-BR"},{"@type":"Organization","@id":"https:\/\/mundoonibus.com.br\/site\/#organization","name":"Mundo \u00d4nibus","url":"https:\/\/mundoonibus.com.br\/site\/","logo":{"@type":"ImageObject","inLanguage":"pt-BR","@id":"https:\/\/mundoonibus.com.br\/site\/#\/schema\/logo\/image\/","url":"https:\/\/mundoonibus.com.br\/site\/wp-content\/uploads\/2021\/10\/Logo-H.png","contentUrl":"https:\/\/mundoonibus.com.br\/site\/wp-content\/uploads\/2021\/10\/Logo-H.png","width":740,"height":139,"caption":"Mundo \u00d4nibus"},"image":{"@id":"https:\/\/mundoonibus.com.br\/site\/#\/schema\/logo\/image\/"}},{"@type":"Person","@id":"https:\/\/mundoonibus.com.br\/site\/#\/schema\/person\/9086a60d90ce61ac66d9357a12f8d7ae","name":"lucaamorim","sameAs":["instagram.com\/lucaamorim"],"url":"https:\/\/mundoonibus.com.br\/site\/author\/lpamorim\/"}]}},"_links":{"self":[{"href":"https:\/\/mundoonibus.com.br\/site\/wp-json\/wp\/v2\/posts\/1686","targetHints":{"allow":["GET"]}}],"collection":[{"href":"https:\/\/mundoonibus.com.br\/site\/wp-json\/wp\/v2\/posts"}],"about":[{"href":"https:\/\/mundoonibus.com.br\/site\/wp-json\/wp\/v2\/types\/post"}],"author":[{"embeddable":true,"href":"https:\/\/mundoonibus.com.br\/site\/wp-json\/wp\/v2\/users\/1"}],"replies":[{"embeddable":true,"href":"https:\/\/mundoonibus.com.br\/site\/wp-json\/wp\/v2\/comments?post=1686"}],"version-history":[{"count":18,"href":"https:\/\/mundoonibus.com.br\/site\/wp-json\/wp\/v2\/posts\/1686\/revisions"}],"predecessor-version":[{"id":10254,"href":"https:\/\/mundoonibus.com.br\/site\/wp-json\/wp\/v2\/posts\/1686\/revisions\/10254"}],"wp:featuredmedia":[{"embeddable":true,"href":"https:\/\/mundoonibus.com.br\/site\/wp-json\/wp\/v2\/media\/9165"}],"wp:attachment":[{"href":"https:\/\/mundoonibus.com.br\/site\/wp-json\/wp\/v2\/media?parent=1686"}],"wp:term":[{"taxonomy":"category","embeddable":true,"href":"https:\/\/mundoonibus.com.br\/site\/wp-json\/wp\/v2\/categories?post=1686"},{"taxonomy":"post_tag","embeddable":true,"href":"https:\/\/mundoonibus.com.br\/site\/wp-json\/wp\/v2\/tags?post=1686"}],"curies":[{"name":"wp","href":"https:\/\/api.w.org\/{rel}","templated":true}]}}