{"id":9973,"date":"2024-08-14T16:47:21","date_gmt":"2024-08-14T19:47:21","guid":{"rendered":"https:\/\/mundoonibus.com.br\/site\/?p=9973"},"modified":"2024-08-14T16:47:21","modified_gmt":"2024-08-14T19:47:21","slug":"transporte-coletivo-tera-ampliacao-de-horarios-aos-domingos-e-feriados","status":"publish","type":"post","link":"https:\/\/mundoonibus.com.br\/site\/transporte-coletivo-tera-ampliacao-de-horarios-aos-domingos-e-feriados\/","title":{"rendered":"Transporte coletivo ter\u00e1 amplia\u00e7\u00e3o de hor\u00e1rios aos domingos e feriados"},"content":{"rendered":"\n<p>O hor\u00e1rio de funcionamento do transporte coletivo de Blumenau ser\u00e1 ampliado aos domingos e feriados, informou a SMTT (Secretaria Municipal de Tr\u00e2nsito e Transportes). A mudan\u00e7a \u00e9 uma reivindica\u00e7\u00e3o antiga de passageiros e empresas. Desde o per\u00edodo p\u00f3s-pandemia em 2020, os hor\u00e1rios de circula\u00e7\u00e3o nesses dias tem sido reduzidos, com encerramento das opera\u00e7\u00f5es \u00e0s 19h.<\/p>\n\n\n\n<p>De acordo com a SMTT, a amplia\u00e7\u00e3o do servi\u00e7o entrar\u00e1 em funcionamento no dia 25 de agosto. Os \u00f4nibus troncais circular\u00e3o at\u00e9 as 22h e as linhas alimentadoras at\u00e9 as 23h, atendendo trabalhadores de estabelecimentos comerciais como supermercados e shoppings centers.<\/p>\n\n\n\n<p>A secretaria ainda informou que a nova programa\u00e7\u00e3o ser\u00e1 implementada de forma experimental, podendo haver ajustes nos hor\u00e1rios para corrigir poss\u00edveis falhas de conex\u00e3o. Al\u00e9m disso, novos hor\u00e1rios poder\u00e3o ser inseridos ou exclu\u00eddos, conforme a demanda de passageiros.<\/p>\n\n\n\n<p>Com a novidade os hor\u00e1rios das Linhas da Sa\u00fade ser\u00e3o exclu\u00eddos, pois os passageiros dessas rotas ter\u00e3o outras op\u00e7\u00f5es de linhas e hor\u00e1rios para se deslocarem ao trabalho.<\/p>\n\n\n\n<p>Fonte: <a href=\"https:\/\/portalmenina.com.br\/transporte-coletivo-de-blumenau-tera-ampliacao-de-horarios-aos-domingos-e-feriados\/\" target=\"_blank\" rel=\"noreferrer noopener\">Portal Menina<\/a><\/p>\n","protected":false},"excerpt":{"rendered":"<p>O hor\u00e1rio de funcionamento do transporte coletivo de Blumenau ser\u00e1 ampliado aos domingos e feriados, informou a SMTT (Secretaria Municipal de Tr\u00e2nsito e Transportes). A mudan\u00e7a \u00e9 uma reivindica\u00e7\u00e3o antiga de passageiros e empresas. Desde o per\u00edodo p\u00f3s-pandemia em 2020, os hor\u00e1rios de circula\u00e7\u00e3o nesses dias tem sido reduzidos, com encerramento das opera\u00e7\u00f5es \u00e0s 19h&#8230;.<\/p>\n","protected":false},"author":1,"featured_media":9956,"comment_status":"open","ping_status":"open","sticky":false,"template":"","format":"standard","meta":{"_kad_post_transparent":"","_kad_post_title":"","_kad_post_layout":"","_kad_post_sidebar_id":"","_kad_post_content_style":"","_kad_post_vertical_padding":"","_kad_post_feature":"","_kad_post_feature_position":"","_kad_post_header":false,"_kad_post_footer":false,"_kad_post_classname":"","footnotes":""},"categories":[70],"tags":[],"class_list":["post-9973","post","type-post","status-publish","format-standard","has-post-thumbnail","hentry","category-blumenau"],"yoast_head":"<!-- This site is optimized with the Yoast SEO plugin v27.5 - https:\/\/yoast.com\/product\/yoast-seo-wordpress\/ -->\n<title>Transporte coletivo ter\u00e1 amplia\u00e7\u00e3o de hor\u00e1rios aos domingos e feriados - Mundo \u00d4nibus<\/title>\n<meta name=\"robots\" content=\"index, follow, max-snippet:-1, max-image-preview:large, max-video-preview:-1\" \/>\n<link rel=\"canonical\" href=\"https:\/\/mundoonibus.com.br\/site\/transporte-coletivo-tera-ampliacao-de-horarios-aos-domingos-e-feriados\/\" \/>\n<meta property=\"og:locale\" content=\"pt_BR\" \/>\n<meta property=\"og:type\" content=\"article\" \/>\n<meta property=\"og:title\" content=\"Transporte coletivo ter\u00e1 amplia\u00e7\u00e3o de hor\u00e1rios aos domingos e feriados - Mundo \u00d4nibus\" \/>\n<meta property=\"og:description\" content=\"O hor\u00e1rio de funcionamento do transporte coletivo de Blumenau ser\u00e1 ampliado aos domingos e feriados, informou a SMTT (Secretaria Municipal de Tr\u00e2nsito e Transportes). A mudan\u00e7a \u00e9 uma reivindica\u00e7\u00e3o antiga de passageiros e empresas. Desde o per\u00edodo p\u00f3s-pandemia em 2020, os hor\u00e1rios de circula\u00e7\u00e3o nesses dias tem sido reduzidos, com encerramento das opera\u00e7\u00f5es \u00e0s 19h....\" \/>\n<meta property=\"og:url\" content=\"https:\/\/mundoonibus.com.br\/site\/transporte-coletivo-tera-ampliacao-de-horarios-aos-domingos-e-feriados\/\" \/>\n<meta property=\"og:site_name\" content=\"Mundo \u00d4nibus\" \/>\n<meta property=\"article:published_time\" content=\"2024-08-14T19:47:21+00:00\" \/>\n<meta property=\"og:image\" content=\"https:\/\/mundoonibus.com.br\/site\/wp-content\/uploads\/2024\/08\/BluMob-9448.jpg\" \/>\n\t<meta property=\"og:image:width\" content=\"1600\" \/>\n\t<meta property=\"og:image:height\" content=\"1200\" \/>\n\t<meta property=\"og:image:type\" content=\"image\/jpeg\" \/>\n<meta name=\"author\" content=\"lucaamorim\" \/>\n<meta name=\"twitter:card\" content=\"summary_large_image\" \/>\n<meta name=\"twitter:label1\" content=\"Escrito por\" \/>\n\t<meta name=\"twitter:data1\" content=\"lucaamorim\" \/>\n\t<meta name=\"twitter:label2\" content=\"Est. tempo de leitura\" \/>\n\t<meta name=\"twitter:data2\" content=\"2 minutos\" \/>\n<script type=\"application\/ld+json\" class=\"yoast-schema-graph\">{\"@context\":\"https:\\\/\\\/schema.org\",\"@graph\":[{\"@type\":\"Article\",\"@id\":\"https:\\\/\\\/mundoonibus.com.br\\\/site\\\/transporte-coletivo-tera-ampliacao-de-horarios-aos-domingos-e-feriados\\\/#article\",\"isPartOf\":{\"@id\":\"https:\\\/\\\/mundoonibus.com.br\\\/site\\\/transporte-coletivo-tera-ampliacao-de-horarios-aos-domingos-e-feriados\\\/\"},\"author\":{\"name\":\"lucaamorim\",\"@id\":\"https:\\\/\\\/mundoonibus.com.br\\\/site\\\/#\\\/schema\\\/person\\\/9086a60d90ce61ac66d9357a12f8d7ae\"},\"headline\":\"Transporte coletivo ter\u00e1 amplia\u00e7\u00e3o de hor\u00e1rios aos domingos e feriados\",\"datePublished\":\"2024-08-14T19:47:21+00:00\",\"mainEntityOfPage\":{\"@id\":\"https:\\\/\\\/mundoonibus.com.br\\\/site\\\/transporte-coletivo-tera-ampliacao-de-horarios-aos-domingos-e-feriados\\\/\"},\"wordCount\":201,\"commentCount\":0,\"publisher\":{\"@id\":\"https:\\\/\\\/mundoonibus.com.br\\\/site\\\/#organization\"},\"image\":{\"@id\":\"https:\\\/\\\/mundoonibus.com.br\\\/site\\\/transporte-coletivo-tera-ampliacao-de-horarios-aos-domingos-e-feriados\\\/#primaryimage\"},\"thumbnailUrl\":\"https:\\\/\\\/mundoonibus.com.br\\\/site\\\/wp-content\\\/uploads\\\/2024\\\/08\\\/BluMob-9448.jpg\",\"articleSection\":[\"Blumenau\"],\"inLanguage\":\"pt-BR\",\"potentialAction\":[{\"@type\":\"CommentAction\",\"name\":\"Comment\",\"target\":[\"https:\\\/\\\/mundoonibus.com.br\\\/site\\\/transporte-coletivo-tera-ampliacao-de-horarios-aos-domingos-e-feriados\\\/#respond\"]}]},{\"@type\":\"WebPage\",\"@id\":\"https:\\\/\\\/mundoonibus.com.br\\\/site\\\/transporte-coletivo-tera-ampliacao-de-horarios-aos-domingos-e-feriados\\\/\",\"url\":\"https:\\\/\\\/mundoonibus.com.br\\\/site\\\/transporte-coletivo-tera-ampliacao-de-horarios-aos-domingos-e-feriados\\\/\",\"name\":\"Transporte coletivo ter\u00e1 amplia\u00e7\u00e3o de hor\u00e1rios aos domingos e feriados - Mundo \u00d4nibus\",\"isPartOf\":{\"@id\":\"https:\\\/\\\/mundoonibus.com.br\\\/site\\\/#website\"},\"primaryImageOfPage\":{\"@id\":\"https:\\\/\\\/mundoonibus.com.br\\\/site\\\/transporte-coletivo-tera-ampliacao-de-horarios-aos-domingos-e-feriados\\\/#primaryimage\"},\"image\":{\"@id\":\"https:\\\/\\\/mundoonibus.com.br\\\/site\\\/transporte-coletivo-tera-ampliacao-de-horarios-aos-domingos-e-feriados\\\/#primaryimage\"},\"thumbnailUrl\":\"https:\\\/\\\/mundoonibus.com.br\\\/site\\\/wp-content\\\/uploads\\\/2024\\\/08\\\/BluMob-9448.jpg\",\"datePublished\":\"2024-08-14T19:47:21+00:00\",\"breadcrumb\":{\"@id\":\"https:\\\/\\\/mundoonibus.com.br\\\/site\\\/transporte-coletivo-tera-ampliacao-de-horarios-aos-domingos-e-feriados\\\/#breadcrumb\"},\"inLanguage\":\"pt-BR\",\"potentialAction\":[{\"@type\":\"ReadAction\",\"target\":[\"https:\\\/\\\/mundoonibus.com.br\\\/site\\\/transporte-coletivo-tera-ampliacao-de-horarios-aos-domingos-e-feriados\\\/\"]}]},{\"@type\":\"ImageObject\",\"inLanguage\":\"pt-BR\",\"@id\":\"https:\\\/\\\/mundoonibus.com.br\\\/site\\\/transporte-coletivo-tera-ampliacao-de-horarios-aos-domingos-e-feriados\\\/#primaryimage\",\"url\":\"https:\\\/\\\/mundoonibus.com.br\\\/site\\\/wp-content\\\/uploads\\\/2024\\\/08\\\/BluMob-9448.jpg\",\"contentUrl\":\"https:\\\/\\\/mundoonibus.com.br\\\/site\\\/wp-content\\\/uploads\\\/2024\\\/08\\\/BluMob-9448.jpg\",\"width\":1600,\"height\":1200},{\"@type\":\"BreadcrumbList\",\"@id\":\"https:\\\/\\\/mundoonibus.com.br\\\/site\\\/transporte-coletivo-tera-ampliacao-de-horarios-aos-domingos-e-feriados\\\/#breadcrumb\",\"itemListElement\":[{\"@type\":\"ListItem\",\"position\":1,\"name\":\"In\u00edcio\",\"item\":\"https:\\\/\\\/mundoonibus.com.br\\\/site\\\/\"},{\"@type\":\"ListItem\",\"position\":2,\"name\":\"Transporte coletivo ter\u00e1 amplia\u00e7\u00e3o de hor\u00e1rios aos domingos e feriados\"}]},{\"@type\":\"WebSite\",\"@id\":\"https:\\\/\\\/mundoonibus.com.br\\\/site\\\/#website\",\"url\":\"https:\\\/\\\/mundoonibus.com.br\\\/site\\\/\",\"name\":\"Mundo \u00d4nibus\",\"description\":\"Bem-vindo a Bordo!\",\"publisher\":{\"@id\":\"https:\\\/\\\/mundoonibus.com.br\\\/site\\\/#organization\"},\"potentialAction\":[{\"@type\":\"SearchAction\",\"target\":{\"@type\":\"EntryPoint\",\"urlTemplate\":\"https:\\\/\\\/mundoonibus.com.br\\\/site\\\/?s={search_term_string}\"},\"query-input\":{\"@type\":\"PropertyValueSpecification\",\"valueRequired\":true,\"valueName\":\"search_term_string\"}}],\"inLanguage\":\"pt-BR\"},{\"@type\":\"Organization\",\"@id\":\"https:\\\/\\\/mundoonibus.com.br\\\/site\\\/#organization\",\"name\":\"Mundo \u00d4nibus\",\"url\":\"https:\\\/\\\/mundoonibus.com.br\\\/site\\\/\",\"logo\":{\"@type\":\"ImageObject\",\"inLanguage\":\"pt-BR\",\"@id\":\"https:\\\/\\\/mundoonibus.com.br\\\/site\\\/#\\\/schema\\\/logo\\\/image\\\/\",\"url\":\"https:\\\/\\\/mundoonibus.com.br\\\/site\\\/wp-content\\\/uploads\\\/2021\\\/10\\\/Logo-H.png\",\"contentUrl\":\"https:\\\/\\\/mundoonibus.com.br\\\/site\\\/wp-content\\\/uploads\\\/2021\\\/10\\\/Logo-H.png\",\"width\":740,\"height\":139,\"caption\":\"Mundo \u00d4nibus\"},\"image\":{\"@id\":\"https:\\\/\\\/mundoonibus.com.br\\\/site\\\/#\\\/schema\\\/logo\\\/image\\\/\"}},{\"@type\":\"Person\",\"@id\":\"https:\\\/\\\/mundoonibus.com.br\\\/site\\\/#\\\/schema\\\/person\\\/9086a60d90ce61ac66d9357a12f8d7ae\",\"name\":\"lucaamorim\",\"sameAs\":[\"instagram.com\\\/lucaamorim\"],\"url\":\"https:\\\/\\\/mundoonibus.com.br\\\/site\\\/author\\\/lpamorim\\\/\"}]}<\/script>\n<!-- \/ Yoast SEO plugin. -->","yoast_head_json":{"title":"Transporte coletivo ter\u00e1 amplia\u00e7\u00e3o de hor\u00e1rios aos domingos e feriados - Mundo \u00d4nibus","robots":{"index":"index","follow":"follow","max-snippet":"max-snippet:-1","max-image-preview":"max-image-preview:large","max-video-preview":"max-video-preview:-1"},"canonical":"https:\/\/mundoonibus.com.br\/site\/transporte-coletivo-tera-ampliacao-de-horarios-aos-domingos-e-feriados\/","og_locale":"pt_BR","og_type":"article","og_title":"Transporte coletivo ter\u00e1 amplia\u00e7\u00e3o de hor\u00e1rios aos domingos e feriados - Mundo \u00d4nibus","og_description":"O hor\u00e1rio de funcionamento do transporte coletivo de Blumenau ser\u00e1 ampliado aos domingos e feriados, informou a SMTT (Secretaria Municipal de Tr\u00e2nsito e Transportes). A mudan\u00e7a \u00e9 uma reivindica\u00e7\u00e3o antiga de passageiros e empresas. Desde o per\u00edodo p\u00f3s-pandemia em 2020, os hor\u00e1rios de circula\u00e7\u00e3o nesses dias tem sido reduzidos, com encerramento das opera\u00e7\u00f5es \u00e0s 19h....","og_url":"https:\/\/mundoonibus.com.br\/site\/transporte-coletivo-tera-ampliacao-de-horarios-aos-domingos-e-feriados\/","og_site_name":"Mundo \u00d4nibus","article_published_time":"2024-08-14T19:47:21+00:00","og_image":[{"width":1600,"height":1200,"url":"https:\/\/mundoonibus.com.br\/site\/wp-content\/uploads\/2024\/08\/BluMob-9448.jpg","type":"image\/jpeg"}],"author":"lucaamorim","twitter_card":"summary_large_image","twitter_misc":{"Escrito por":"lucaamorim","Est. tempo de leitura":"2 minutos"},"schema":{"@context":"https:\/\/schema.org","@graph":[{"@type":"Article","@id":"https:\/\/mundoonibus.com.br\/site\/transporte-coletivo-tera-ampliacao-de-horarios-aos-domingos-e-feriados\/#article","isPartOf":{"@id":"https:\/\/mundoonibus.com.br\/site\/transporte-coletivo-tera-ampliacao-de-horarios-aos-domingos-e-feriados\/"},"author":{"name":"lucaamorim","@id":"https:\/\/mundoonibus.com.br\/site\/#\/schema\/person\/9086a60d90ce61ac66d9357a12f8d7ae"},"headline":"Transporte coletivo ter\u00e1 amplia\u00e7\u00e3o de hor\u00e1rios aos domingos e feriados","datePublished":"2024-08-14T19:47:21+00:00","mainEntityOfPage":{"@id":"https:\/\/mundoonibus.com.br\/site\/transporte-coletivo-tera-ampliacao-de-horarios-aos-domingos-e-feriados\/"},"wordCount":201,"commentCount":0,"publisher":{"@id":"https:\/\/mundoonibus.com.br\/site\/#organization"},"image":{"@id":"https:\/\/mundoonibus.com.br\/site\/transporte-coletivo-tera-ampliacao-de-horarios-aos-domingos-e-feriados\/#primaryimage"},"thumbnailUrl":"https:\/\/mundoonibus.com.br\/site\/wp-content\/uploads\/2024\/08\/BluMob-9448.jpg","articleSection":["Blumenau"],"inLanguage":"pt-BR","potentialAction":[{"@type":"CommentAction","name":"Comment","target":["https:\/\/mundoonibus.com.br\/site\/transporte-coletivo-tera-ampliacao-de-horarios-aos-domingos-e-feriados\/#respond"]}]},{"@type":"WebPage","@id":"https:\/\/mundoonibus.com.br\/site\/transporte-coletivo-tera-ampliacao-de-horarios-aos-domingos-e-feriados\/","url":"https:\/\/mundoonibus.com.br\/site\/transporte-coletivo-tera-ampliacao-de-horarios-aos-domingos-e-feriados\/","name":"Transporte coletivo ter\u00e1 amplia\u00e7\u00e3o de hor\u00e1rios aos domingos e feriados - Mundo \u00d4nibus","isPartOf":{"@id":"https:\/\/mundoonibus.com.br\/site\/#website"},"primaryImageOfPage":{"@id":"https:\/\/mundoonibus.com.br\/site\/transporte-coletivo-tera-ampliacao-de-horarios-aos-domingos-e-feriados\/#primaryimage"},"image":{"@id":"https:\/\/mundoonibus.com.br\/site\/transporte-coletivo-tera-ampliacao-de-horarios-aos-domingos-e-feriados\/#primaryimage"},"thumbnailUrl":"https:\/\/mundoonibus.com.br\/site\/wp-content\/uploads\/2024\/08\/BluMob-9448.jpg","datePublished":"2024-08-14T19:47:21+00:00","breadcrumb":{"@id":"https:\/\/mundoonibus.com.br\/site\/transporte-coletivo-tera-ampliacao-de-horarios-aos-domingos-e-feriados\/#breadcrumb"},"inLanguage":"pt-BR","potentialAction":[{"@type":"ReadAction","target":["https:\/\/mundoonibus.com.br\/site\/transporte-coletivo-tera-ampliacao-de-horarios-aos-domingos-e-feriados\/"]}]},{"@type":"ImageObject","inLanguage":"pt-BR","@id":"https:\/\/mundoonibus.com.br\/site\/transporte-coletivo-tera-ampliacao-de-horarios-aos-domingos-e-feriados\/#primaryimage","url":"https:\/\/mundoonibus.com.br\/site\/wp-content\/uploads\/2024\/08\/BluMob-9448.jpg","contentUrl":"https:\/\/mundoonibus.com.br\/site\/wp-content\/uploads\/2024\/08\/BluMob-9448.jpg","width":1600,"height":1200},{"@type":"BreadcrumbList","@id":"https:\/\/mundoonibus.com.br\/site\/transporte-coletivo-tera-ampliacao-de-horarios-aos-domingos-e-feriados\/#breadcrumb","itemListElement":[{"@type":"ListItem","position":1,"name":"In\u00edcio","item":"https:\/\/mundoonibus.com.br\/site\/"},{"@type":"ListItem","position":2,"name":"Transporte coletivo ter\u00e1 amplia\u00e7\u00e3o de hor\u00e1rios aos domingos e feriados"}]},{"@type":"WebSite","@id":"https:\/\/mundoonibus.com.br\/site\/#website","url":"https:\/\/mundoonibus.com.br\/site\/","name":"Mundo \u00d4nibus","description":"Bem-vindo a Bordo!","publisher":{"@id":"https:\/\/mundoonibus.com.br\/site\/#organization"},"potentialAction":[{"@type":"SearchAction","target":{"@type":"EntryPoint","urlTemplate":"https:\/\/mundoonibus.com.br\/site\/?s={search_term_string}"},"query-input":{"@type":"PropertyValueSpecification","valueRequired":true,"valueName":"search_term_string"}}],"inLanguage":"pt-BR"},{"@type":"Organization","@id":"https:\/\/mundoonibus.com.br\/site\/#organization","name":"Mundo \u00d4nibus","url":"https:\/\/mundoonibus.com.br\/site\/","logo":{"@type":"ImageObject","inLanguage":"pt-BR","@id":"https:\/\/mundoonibus.com.br\/site\/#\/schema\/logo\/image\/","url":"https:\/\/mundoonibus.com.br\/site\/wp-content\/uploads\/2021\/10\/Logo-H.png","contentUrl":"https:\/\/mundoonibus.com.br\/site\/wp-content\/uploads\/2021\/10\/Logo-H.png","width":740,"height":139,"caption":"Mundo \u00d4nibus"},"image":{"@id":"https:\/\/mundoonibus.com.br\/site\/#\/schema\/logo\/image\/"}},{"@type":"Person","@id":"https:\/\/mundoonibus.com.br\/site\/#\/schema\/person\/9086a60d90ce61ac66d9357a12f8d7ae","name":"lucaamorim","sameAs":["instagram.com\/lucaamorim"],"url":"https:\/\/mundoonibus.com.br\/site\/author\/lpamorim\/"}]}},"_links":{"self":[{"href":"https:\/\/mundoonibus.com.br\/site\/wp-json\/wp\/v2\/posts\/9973","targetHints":{"allow":["GET"]}}],"collection":[{"href":"https:\/\/mundoonibus.com.br\/site\/wp-json\/wp\/v2\/posts"}],"about":[{"href":"https:\/\/mundoonibus.com.br\/site\/wp-json\/wp\/v2\/types\/post"}],"author":[{"embeddable":true,"href":"https:\/\/mundoonibus.com.br\/site\/wp-json\/wp\/v2\/users\/1"}],"replies":[{"embeddable":true,"href":"https:\/\/mundoonibus.com.br\/site\/wp-json\/wp\/v2\/comments?post=9973"}],"version-history":[{"count":1,"href":"https:\/\/mundoonibus.com.br\/site\/wp-json\/wp\/v2\/posts\/9973\/revisions"}],"predecessor-version":[{"id":9974,"href":"https:\/\/mundoonibus.com.br\/site\/wp-json\/wp\/v2\/posts\/9973\/revisions\/9974"}],"wp:featuredmedia":[{"embeddable":true,"href":"https:\/\/mundoonibus.com.br\/site\/wp-json\/wp\/v2\/media\/9956"}],"wp:attachment":[{"href":"https:\/\/mundoonibus.com.br\/site\/wp-json\/wp\/v2\/media?parent=9973"}],"wp:term":[{"taxonomy":"category","embeddable":true,"href":"https:\/\/mundoonibus.com.br\/site\/wp-json\/wp\/v2\/categories?post=9973"},{"taxonomy":"post_tag","embeddable":true,"href":"https:\/\/mundoonibus.com.br\/site\/wp-json\/wp\/v2\/tags?post=9973"}],"curies":[{"name":"wp","href":"https:\/\/api.w.org\/{rel}","templated":true}]}}